{"id":71331,"date":"2021-07-13T19:03:20","date_gmt":"2021-07-13T19:03:20","guid":{"rendered":"https:\/\/sertv.gob.pa\/nacionalfm\/?p=71331"},"modified":"2021-07-13T19:03:20","modified_gmt":"2021-07-13T19:03:20","slug":"residentes-cubanos-en-la-florida-piden-apoyo-a-los-duenos-de-botes-para-llevar-insumos-a-la-isla","status":"publish","type":"post","link":"https:\/\/sertv.gob.pa\/nacionalfm\/residentes-cubanos-en-la-florida-piden-apoyo-a-los-duenos-de-botes-para-llevar-insumos-a-la-isla\/","title":{"rendered":"Residentes cubanos en la Florida piden apoyo a los due\u00f1os de botes para llevar insumos a la isla"},"content":{"rendered":"<p><strong><em>(CNN Espa\u00f1ol) \u2013\u00a0<\/em><\/strong><\/p>\n<p><strong><em>\u00a0<\/em><\/strong><\/p>\n<p>Un grupo de cubanos residentes en el estado de la Florida recolectaron agua, comida enlatada y otros insumos este lunes en Pelican Bay, en el oeste del estado, con la intenci\u00f3n de llevarle las provisiones en bote a los manifestantes en la isla.<\/p>\n<p>Diana Parra lleg\u00f3 al lugar junto a su hijo para apoyar la convocatoria. Su familia se encuentra en Cuba y en una entrevista muy emotiva con WSVN, afiliada de CNN en la Florida, dijo que \u201ces tiempo de que el comunismo se termine en la isla\u201d.<\/p>\n<p>Dennis Suayero es uno de los organizadores de la propuesta y le dijo a WSVN que quieren llevar medicamentos e insumos al pueblo cubano.<\/p>\n<p>A pesar de la cantidad de bienes recolectados, solo unos cuantos botes atendieron la convocatoria para trasladar los insumos a Cuba. Una torrencial tormenta tambi\u00e9n complic\u00f3 la misi\u00f3n.<\/p>\n<p>Exon Rodr\u00edguez, otro de los organizadores, le dijo a CNN en Espa\u00f1ol que la iniciativa sigue en pie. \u201cDue\u00f1os de botes es lo que necesitamos. Personas que se unan a la causa. Que el pueblo cubano de aqu\u00ed, de Estados Unidos, entienda que esto no es asunto del gobierno. El gobierno estadounidense no va a hacer nada por nosotros si nosotros no lo hacemos primero\u201d, dijo.<\/p>\n<p>Rodr\u00edguez explic\u00f3 que su hijo, madre y hermanos permanecen en Cuba. \u201cNosotros queremos estar cerca, pero los recursos no existen\u201d, dijo. Por eso \u201chago el llamado nuevamente. Estoy convocando a todo aquel que quiere luchar a que se sume\u201d, agreg\u00f3, mientras espera que este martes lleguen m\u00e1s botes que hagan posible el traslado de los bienes recolectados.<\/p>\n<p>En un comunicado emitido este lunes, la Guardia Costera de Estados Unidos dijo que, aunque apoya el derecho a las protestas y la libertad de expresi\u00f3n, le recuerda a quienes est\u00e9n considerando emigrar los peligros que implican los viajes mar\u00edtimos a la Florida.<\/p>\n<p>Seg\u00fan el comunicado, la Guardia Costera trabaja con las autoridades locales y federales monitoreando cualquier actividad mar\u00edtima, incluyendo las embarcaciones que salgan desde la Florida hacia Cuba.<\/p>\n<p>&nbsp;<\/p>\n<p>Fuente: CNN<\/p>\n","protected":false},"excerpt":{"rendered":"<p>(CNN Espa\u00f1ol) \u2013\u00a0 \u00a0 Un grupo de cubanos residentes en <a href=\"https:\/\/sertv.gob.pa\/nacionalfm\/residentes-cubanos-en-la-florida-piden-apoyo-a-los-duenos-de-botes-para-llevar-insumos-a-la-isla\/\"> [&#8230;]<\/a><\/p>\n","protected":false},"author":9,"featured_media":71332,"comment_status":"closed","ping_status":"closed","sticky":false,"template":"","format":"standard","meta":{"footnotes":""},"categories":[3],"tags":[],"class_list":["post-71331","post","type-post","status-publish","format-standard","has-post-thumbnail","hentry","category-internacionales"],"_links":{"self":[{"href":"https:\/\/sertv.gob.pa\/nacionalfm\/wp-json\/wp\/v2\/posts\/71331","targetHints":{"allow":["GET"]}}],"collection":[{"href":"https:\/\/sertv.gob.pa\/nacionalfm\/wp-json\/wp\/v2\/posts"}],"about":[{"href":"https:\/\/sertv.gob.pa\/nacionalfm\/wp-json\/wp\/v2\/types\/post"}],"author":[{"embeddable":true,"href":"https:\/\/sertv.gob.pa\/nacionalfm\/wp-json\/wp\/v2\/users\/9"}],"replies":[{"embeddable":true,"href":"https:\/\/sertv.gob.pa\/nacionalfm\/wp-json\/wp\/v2\/comments?post=71331"}],"version-history":[{"count":1,"href":"https:\/\/sertv.gob.pa\/nacionalfm\/wp-json\/wp\/v2\/posts\/71331\/revisions"}],"predecessor-version":[{"id":71333,"href":"https:\/\/sertv.gob.pa\/nacionalfm\/wp-json\/wp\/v2\/posts\/71331\/revisions\/71333"}],"wp:featuredmedia":[{"embeddable":true,"href":"https:\/\/sertv.gob.pa\/nacionalfm\/wp-json\/wp\/v2\/media\/71332"}],"wp:attachment":[{"href":"https:\/\/sertv.gob.pa\/nacionalfm\/wp-json\/wp\/v2\/media?parent=71331"}],"wp:term":[{"taxonomy":"category","embeddable":true,"href":"https:\/\/sertv.gob.pa\/nacionalfm\/wp-json\/wp\/v2\/categories?post=71331"},{"taxonomy":"post_tag","embeddable":true,"href":"https:\/\/sertv.gob.pa\/nacionalfm\/wp-json\/wp\/v2\/tags?post=71331"}],"curies":[{"name":"wp","href":"https:\/\/api.w.org\/{rel}","templated":true}]}}