{"id":71396,"date":"2021-07-14T18:28:42","date_gmt":"2021-07-14T18:28:42","guid":{"rendered":"https:\/\/sertv.gob.pa\/nacionalfm\/?p=71396"},"modified":"2021-07-14T18:28:42","modified_gmt":"2021-07-14T18:28:42","slug":"cuba-reporta-un-numero-record-de-muertes-por-covid-19-en-medio-de-un-creciente-malestar","status":"publish","type":"post","link":"https:\/\/sertv.gob.pa\/nacionalfm\/cuba-reporta-un-numero-record-de-muertes-por-covid-19-en-medio-de-un-creciente-malestar\/","title":{"rendered":"Cuba reporta un n\u00famero r\u00e9cord de muertes por covid-19 en medio de un creciente malestar"},"content":{"rendered":"<p><strong><em>(CNN) \u2013<\/em><\/strong><em>\u00a0<\/em><\/p>\n<p>&nbsp;<\/p>\n<p>Cuba registr\u00f3 este mi\u00e9rcoles un r\u00e9cord de 51 muertes relacionadas con el covid-19, seg\u00fan el Ministerio de Salud del pa\u00eds. La cifra de muertos en la isla desde el inicio de la pandemia es de 1.659.<\/p>\n<p>Adem\u00e1s, Cuba sum\u00f3 6.080 nuevos casos de coronavirus, lo que eleva el n\u00famero de casos a 256.607.<\/p>\n<p>Tras controlar la tasa de infecci\u00f3n durante gran parte de la pandemia, en las \u00faltimas semanas Cuba ha visto c\u00f3mo se disparaba el n\u00famero de casos y de muertes.<\/p>\n<p>El r\u00e9cord de muertes registrado el mi\u00e9rcoles se produce en un momento en el que la isla, gobernada por los comunistas, se enfrenta a\u00a0<a href=\"https:\/\/cnnespanol.cnn.com\/2021\/07\/13\/100-detenidos-desaparecidos-cuba-protestas-generalizadas-activistas-trax\/\" target=\"_blank\" rel=\"noopener\">una creciente turbulencia pol\u00edtica,<\/a>\u00a0despu\u00e9s de que unas protestas antigubernamentales sin precedentes sacudieran la naci\u00f3n el domingo, con la participaci\u00f3n de miles de personas en las calles de todo el pa\u00eds.<\/p>\n<p>Muchos cubanos se han mostrado cr\u00edticos con la respuesta del Gobierno ante el covid-19 y con el profundo impacto econ\u00f3mico que la pandemia ha tenido en el pa\u00eds.<\/p>\n<p>Cuba ha anunciado unas tasas de eficacia optimistas para sus vacunas contra el covid-19 de producci\u00f3n propia. Sin embargo, hasta el martes, de los 11,4 millones de habitantes de Cuba, s\u00f3lo 1.894.508 personas han sido vacunadas en su totalidad.<\/p>\n<p>&nbsp;<\/p>\n<p>Fuente: CNN<\/p>\n","protected":false},"excerpt":{"rendered":"<p>(CNN) \u2013\u00a0 &nbsp; Cuba registr\u00f3 este mi\u00e9rcoles un r\u00e9cord de <a href=\"https:\/\/sertv.gob.pa\/nacionalfm\/cuba-reporta-un-numero-record-de-muertes-por-covid-19-en-medio-de-un-creciente-malestar\/\"> [&#8230;]<\/a><\/p>\n","protected":false},"author":9,"featured_media":71397,"comment_status":"closed","ping_status":"closed","sticky":false,"template":"","format":"standard","meta":{"footnotes":""},"categories":[3],"tags":[],"class_list":["post-71396","post","type-post","status-publish","format-standard","has-post-thumbnail","hentry","category-internacionales"],"_links":{"self":[{"href":"https:\/\/sertv.gob.pa\/nacionalfm\/wp-json\/wp\/v2\/posts\/71396","targetHints":{"allow":["GET"]}}],"collection":[{"href":"https:\/\/sertv.gob.pa\/nacionalfm\/wp-json\/wp\/v2\/posts"}],"about":[{"href":"https:\/\/sertv.gob.pa\/nacionalfm\/wp-json\/wp\/v2\/types\/post"}],"author":[{"embeddable":true,"href":"https:\/\/sertv.gob.pa\/nacionalfm\/wp-json\/wp\/v2\/users\/9"}],"replies":[{"embeddable":true,"href":"https:\/\/sertv.gob.pa\/nacionalfm\/wp-json\/wp\/v2\/comments?post=71396"}],"version-history":[{"count":1,"href":"https:\/\/sertv.gob.pa\/nacionalfm\/wp-json\/wp\/v2\/posts\/71396\/revisions"}],"predecessor-version":[{"id":71398,"href":"https:\/\/sertv.gob.pa\/nacionalfm\/wp-json\/wp\/v2\/posts\/71396\/revisions\/71398"}],"wp:featuredmedia":[{"embeddable":true,"href":"https:\/\/sertv.gob.pa\/nacionalfm\/wp-json\/wp\/v2\/media\/71397"}],"wp:attachment":[{"href":"https:\/\/sertv.gob.pa\/nacionalfm\/wp-json\/wp\/v2\/media?parent=71396"}],"wp:term":[{"taxonomy":"category","embeddable":true,"href":"https:\/\/sertv.gob.pa\/nacionalfm\/wp-json\/wp\/v2\/categories?post=71396"},{"taxonomy":"post_tag","embeddable":true,"href":"https:\/\/sertv.gob.pa\/nacionalfm\/wp-json\/wp\/v2\/tags?post=71396"}],"curies":[{"name":"wp","href":"https:\/\/api.w.org\/{rel}","templated":true}]}}