{"id":71399,"date":"2021-07-14T19:04:11","date_gmt":"2021-07-14T19:04:11","guid":{"rendered":"https:\/\/sertv.gob.pa\/nacionalfm\/?p=71399"},"modified":"2021-07-14T19:04:11","modified_gmt":"2021-07-14T19:04:11","slug":"los-casos-de-covid-19-en-paises-bajos-aumentan-un-500-en-una-sola-semana-mientras-el-primer-ministro-se-disculpa-por-flexibilizar-las-restricciones","status":"publish","type":"post","link":"https:\/\/sertv.gob.pa\/nacionalfm\/los-casos-de-covid-19-en-paises-bajos-aumentan-un-500-en-una-sola-semana-mientras-el-primer-ministro-se-disculpa-por-flexibilizar-las-restricciones\/","title":{"rendered":"Los casos de covid-19 en Pa\u00edses Bajos aumentan un 500% en una sola semana mientras el primer ministro se disculpa por flexibilizar las restricciones"},"content":{"rendered":"<p><strong><em>(CNN) \u2013<\/em><\/strong><em>\u00a0<\/em><\/p>\n<p>&nbsp;<\/p>\n<p>Los casos de covid-19 en Pa\u00edses Bajos han aumentado m\u00e1s del 500% en una sola semana, seg\u00fan cifras del\u00a0<a href=\"https:\/\/www.rivm.nl\/coronavirus-covid-19\/weekcijfers\" target=\"_blank\" rel=\"noopener\">Instituto Nacional de Salud P\u00fablica y Medio Ambiente<\/a>\u00a0(RIVM).<\/p>\n<p>Los Pa\u00edses Bajos volvieron a imponer algunas restricciones al coronavirus el viernes, pocas semanas despu\u00e9s de aflojarlas, en medio de un fuerte aumento de casos.<\/p>\n<p>El primer ministro Mark Rutte se vio obligado a disculparse el lunes por aliviar esas restricciones a fines de junio.<\/p>\n<p>\u00abLo que pensamos que era posible result\u00f3 no ser posible en la pr\u00e1ctica\u00bb, dijo Rutte el lunes. \u201cHubo un error de juicio. Lo lamentamos y nos disculpamos. Pero ese error de juicio se cometi\u00f3\u00bb, agreg\u00f3.<\/p>\n<p>El RIVM dice que se informaron 51.957 casos de covid-19 en Pa\u00edses Bajos entre el 6 y el 13 de julio, en comparaci\u00f3n con solo 8.541 durante el per\u00edodo anterior de siete d\u00edas.<\/p>\n<p>Al 11 de julio, el 35% de la poblaci\u00f3n ha recibido dos dosis de vacuna y el 65% ha recibido una dosis, seg\u00fan la RIVM.<\/p>\n<p>&nbsp;<\/p>\n<p>Fuente: CNN<\/p>\n","protected":false},"excerpt":{"rendered":"<p>(CNN) \u2013\u00a0 &nbsp; Los casos de covid-19 en Pa\u00edses Bajos <a href=\"https:\/\/sertv.gob.pa\/nacionalfm\/los-casos-de-covid-19-en-paises-bajos-aumentan-un-500-en-una-sola-semana-mientras-el-primer-ministro-se-disculpa-por-flexibilizar-las-restricciones\/\"> [&#8230;]<\/a><\/p>\n","protected":false},"author":9,"featured_media":71400,"comment_status":"closed","ping_status":"closed","sticky":false,"template":"","format":"standard","meta":{"footnotes":""},"categories":[3],"tags":[],"class_list":["post-71399","post","type-post","status-publish","format-standard","has-post-thumbnail","hentry","category-internacionales"],"_links":{"self":[{"href":"https:\/\/sertv.gob.pa\/nacionalfm\/wp-json\/wp\/v2\/posts\/71399","targetHints":{"allow":["GET"]}}],"collection":[{"href":"https:\/\/sertv.gob.pa\/nacionalfm\/wp-json\/wp\/v2\/posts"}],"about":[{"href":"https:\/\/sertv.gob.pa\/nacionalfm\/wp-json\/wp\/v2\/types\/post"}],"author":[{"embeddable":true,"href":"https:\/\/sertv.gob.pa\/nacionalfm\/wp-json\/wp\/v2\/users\/9"}],"replies":[{"embeddable":true,"href":"https:\/\/sertv.gob.pa\/nacionalfm\/wp-json\/wp\/v2\/comments?post=71399"}],"version-history":[{"count":1,"href":"https:\/\/sertv.gob.pa\/nacionalfm\/wp-json\/wp\/v2\/posts\/71399\/revisions"}],"predecessor-version":[{"id":71401,"href":"https:\/\/sertv.gob.pa\/nacionalfm\/wp-json\/wp\/v2\/posts\/71399\/revisions\/71401"}],"wp:featuredmedia":[{"embeddable":true,"href":"https:\/\/sertv.gob.pa\/nacionalfm\/wp-json\/wp\/v2\/media\/71400"}],"wp:attachment":[{"href":"https:\/\/sertv.gob.pa\/nacionalfm\/wp-json\/wp\/v2\/media?parent=71399"}],"wp:term":[{"taxonomy":"category","embeddable":true,"href":"https:\/\/sertv.gob.pa\/nacionalfm\/wp-json\/wp\/v2\/categories?post=71399"},{"taxonomy":"post_tag","embeddable":true,"href":"https:\/\/sertv.gob.pa\/nacionalfm\/wp-json\/wp\/v2\/tags?post=71399"}],"curies":[{"name":"wp","href":"https:\/\/api.w.org\/{rel}","templated":true}]}}