{"id":71466,"date":"2021-07-15T17:54:11","date_gmt":"2021-07-15T17:54:11","guid":{"rendered":"https:\/\/sertv.gob.pa\/nacionalfm\/?p=71466"},"modified":"2021-07-15T17:54:11","modified_gmt":"2021-07-15T17:54:11","slug":"comandos-colombianos-que-asesinaron-al-presidente-de-haiti-habian-sido-contratados-para-detenerlo-dice-la-policia-colombiana","status":"publish","type":"post","link":"https:\/\/sertv.gob.pa\/nacionalfm\/comandos-colombianos-que-asesinaron-al-presidente-de-haiti-habian-sido-contratados-para-detenerlo-dice-la-policia-colombiana\/","title":{"rendered":"Comandos colombianos que asesinaron al presidente de Hait\u00ed hab\u00edan sido contratados para detenerlo, dice la polic\u00eda colombiana"},"content":{"rendered":"<p><strong><em>(CNN) \u2013<\/em><\/strong><em>\u00a0<\/em><\/p>\n<p>Los comandos colombianos acusados \u200b\u200bde participar en el asesinato del presidente de Hait\u00ed, Jovenel Mo\u00efse, fueron contratados para detener al l\u00edder y entregarlo a la polic\u00eda estadounidense, anunci\u00f3 el jueves la Polic\u00eda colombiana.<\/p>\n<p>El presidente deb\u00eda ser detenido y entregado a la Agencia Antidrogas de Estados Unidos (DEA) por Duberney Capador y German Rivera, dijo el jefe de la polic\u00eda colombiana, el general Jorge Vargas, en una conferencia de prensa en Bogot\u00e1 este jueves por la ma\u00f1ana.<\/p>\n<p>El director de la Polic\u00eda de Colombia dijo que el grupo que asesin\u00f3 al presidente de Hait\u00ed era parte de \u00abuna supuesta operaci\u00f3n de arresto\u00bb de Mo\u00efse, para luego entregarlo a la DEA.<\/p>\n<p>En esta etapa, no hay indicios de participaci\u00f3n directa de la DEA en el asesinato del presidente Mo\u00efse, dijo el general Vargas en respuesta a la pregunta de un periodista.<\/p>\n<p>&nbsp;<\/p>\n<p>CNN se ha puesto en contacto con la DEA para obtener comentarios.<\/p>\n<p>Vargas dijo que los comandos colombianos se dividieron en dos grupos el 7 de julio. Siete hombres liderados por Capador y Rivera ingresaron al palacio presidencial, neutralizaron al servicio de seguridad haitiano y se les dio la tarea de detener al presidente, mientras que el resto se qued\u00f3 en veh\u00edculos y para apoyar la operaci\u00f3n.<\/p>\n<p>\u201cEsta es la informaci\u00f3n que estamos recibiendo. Quiero enfatizar que la investigaci\u00f3n policial no est\u00e1 en nuestras manos, est\u00e1 en manos de la polic\u00eda haitiana y son ellos quienes dirigen la investigaci\u00f3n\u201d, aclar\u00f3 el general Vargas. Dijo que la polic\u00eda haitiana y las agencias de inteligencia colombianas hab\u00edan formado una comisi\u00f3n especial para coordinar la b\u00fasqueda de respuestas en el asesinato.<\/p>\n<p>Los dos comandos colombianos que lideraban la operaci\u00f3n, los sargentos retirados Capador y Rivera, se reunieron con Christian Sanon en mayo junto con un tercer colombiano a\u00fan por identificar, dijo tambi\u00e9n el general Vargas.<\/p>\n<p>Sanon es un ciudadano estadounidense nacido en Hait\u00ed que, seg\u00fan la polic\u00eda haitiana, plane\u00f3 el asesinato de Mo\u00efse con el objetivo de tomar la presidencia.<\/p>\n<p>\u00c9l niega ser responsable de lo que se le acusa, seg\u00fan una fuente cercana a la investigaci\u00f3n que no puede ser nombrada porque no est\u00e1 autorizada para discutir el asunto.<\/p>\n<p>Dimitri Herard, el jefe de seguridad de la residencia presidencial del presidente, sigue bajo investigaci\u00f3n y se encuentra detenido en una comisar\u00eda de polic\u00eda de Puerto Pr\u00edncipe.<\/p>\n<p>M\u00e1s de dos docenas de colombianos han sido vinculados al atentado del presidente Mo\u00efse, quien fue asesinado en las primeras horas de la ma\u00f1ana del 7 de julio.<\/p>\n<p>Dieciocho colombianos han sido detenidos en Hait\u00ed, tres fueron abatidos y tres m\u00e1s siguen pr\u00f3fugos, dijo el jueves el general Vargas, quien reiter\u00f3 que la investigaci\u00f3n estaba a cargo de las autoridades haitianas.<\/p>\n<p>&nbsp;<\/p>\n<p>Fuente: CNN<\/p>\n","protected":false},"excerpt":{"rendered":"<p>(CNN) \u2013\u00a0 Los comandos colombianos acusados \u200b\u200bde participar en el <a href=\"https:\/\/sertv.gob.pa\/nacionalfm\/comandos-colombianos-que-asesinaron-al-presidente-de-haiti-habian-sido-contratados-para-detenerlo-dice-la-policia-colombiana\/\"> [&#8230;]<\/a><\/p>\n","protected":false},"author":9,"featured_media":71467,"comment_status":"closed","ping_status":"closed","sticky":false,"template":"","format":"standard","meta":{"footnotes":""},"categories":[3],"tags":[],"class_list":["post-71466","post","type-post","status-publish","format-standard","has-post-thumbnail","hentry","category-internacionales"],"_links":{"self":[{"href":"https:\/\/sertv.gob.pa\/nacionalfm\/wp-json\/wp\/v2\/posts\/71466","targetHints":{"allow":["GET"]}}],"collection":[{"href":"https:\/\/sertv.gob.pa\/nacionalfm\/wp-json\/wp\/v2\/posts"}],"about":[{"href":"https:\/\/sertv.gob.pa\/nacionalfm\/wp-json\/wp\/v2\/types\/post"}],"author":[{"embeddable":true,"href":"https:\/\/sertv.gob.pa\/nacionalfm\/wp-json\/wp\/v2\/users\/9"}],"replies":[{"embeddable":true,"href":"https:\/\/sertv.gob.pa\/nacionalfm\/wp-json\/wp\/v2\/comments?post=71466"}],"version-history":[{"count":1,"href":"https:\/\/sertv.gob.pa\/nacionalfm\/wp-json\/wp\/v2\/posts\/71466\/revisions"}],"predecessor-version":[{"id":71468,"href":"https:\/\/sertv.gob.pa\/nacionalfm\/wp-json\/wp\/v2\/posts\/71466\/revisions\/71468"}],"wp:featuredmedia":[{"embeddable":true,"href":"https:\/\/sertv.gob.pa\/nacionalfm\/wp-json\/wp\/v2\/media\/71467"}],"wp:attachment":[{"href":"https:\/\/sertv.gob.pa\/nacionalfm\/wp-json\/wp\/v2\/media?parent=71466"}],"wp:term":[{"taxonomy":"category","embeddable":true,"href":"https:\/\/sertv.gob.pa\/nacionalfm\/wp-json\/wp\/v2\/categories?post=71466"},{"taxonomy":"post_tag","embeddable":true,"href":"https:\/\/sertv.gob.pa\/nacionalfm\/wp-json\/wp\/v2\/tags?post=71466"}],"curies":[{"name":"wp","href":"https:\/\/api.w.org\/{rel}","templated":true}]}}