{"id":7151,"date":"2015-09-02T17:53:57","date_gmt":"2015-09-02T17:53:57","guid":{"rendered":""},"modified":"2015-09-02T17:53:57","modified_gmt":"2015-09-02T17:53:57","slug":"epidemia-de-obesidad-es-culpa-de-alimentos-procesados","status":"publish","type":"post","link":"https:\/\/sertv.gob.pa\/nacionalfm\/epidemia-de-obesidad-es-culpa-de-alimentos-procesados\/","title":{"rendered":"\u00abEpidemia de obesidad\u00bb  es culpa de alimentos procesados"},"content":{"rendered":"<p>\nLa Organizaci\u00f3n Panamericana de la Salud (OPS) alert\u00f3 de que los\u00a0alimentos\u00a0ultraprocesados, que considera \u00abcasi adictivos\u00bb y est\u00e1n sustituyendo a los\u00a0alimentos\u00a0frescos, son los responsables de la \u00abepidemia de obesidad\u00bb que hay en Am\u00e9rica Latina. <\/p>\n<p>En un nuevo estudio divulgado en Washington, la OPS asegur\u00f3 que estos\u00a0alimentos\u00a0procesados industrialmente, las bebidas azucaradas y la comida r\u00e1pida est\u00e1n desplazando a las dietas tradicionales m\u00e1s nutritivas, \u00ablo que genera efectos alarmantes en la salud\u00bb. <\/p>\n<p>El consumo de estos productos ha aumentado de manera constante en Am\u00e9rica Latina y contribuye al aumento de las tasas de obesidad en toda la regi\u00f3n, por lo que es necesario \u00abregular el mercado para revertir esta tendencia\u00bb, a\u00f1ade el organismo internacional. <\/p>\n<p>\u00a0 <\/p>\n<p>\u00a0 <\/p>\n","protected":false},"excerpt":{"rendered":"<p>La Organizaci\u00f3n Panamericana de la Salud (OPS) alert\u00f3 de que <a href=\"https:\/\/sertv.gob.pa\/nacionalfm\/epidemia-de-obesidad-es-culpa-de-alimentos-procesados\/\"> [&#8230;]<\/a><\/p>\n","protected":false},"author":1,"featured_media":7152,"comment_status":"closed","ping_status":"closed","sticky":false,"template":"","format":"standard","meta":{"footnotes":""},"categories":[5],"tags":[],"class_list":["post-7151","post","type-post","status-publish","format-standard","has-post-thumbnail","hentry","category-salud"],"_links":{"self":[{"href":"https:\/\/sertv.gob.pa\/nacionalfm\/wp-json\/wp\/v2\/posts\/7151","targetHints":{"allow":["GET"]}}],"collection":[{"href":"https:\/\/sertv.gob.pa\/nacionalfm\/wp-json\/wp\/v2\/posts"}],"about":[{"href":"https:\/\/sertv.gob.pa\/nacionalfm\/wp-json\/wp\/v2\/types\/post"}],"author":[{"embeddable":true,"href":"https:\/\/sertv.gob.pa\/nacionalfm\/wp-json\/wp\/v2\/users\/1"}],"replies":[{"embeddable":true,"href":"https:\/\/sertv.gob.pa\/nacionalfm\/wp-json\/wp\/v2\/comments?post=7151"}],"version-history":[{"count":0,"href":"https:\/\/sertv.gob.pa\/nacionalfm\/wp-json\/wp\/v2\/posts\/7151\/revisions"}],"wp:featuredmedia":[{"embeddable":true,"href":"https:\/\/sertv.gob.pa\/nacionalfm\/wp-json\/wp\/v2\/media\/7152"}],"wp:attachment":[{"href":"https:\/\/sertv.gob.pa\/nacionalfm\/wp-json\/wp\/v2\/media?parent=7151"}],"wp:term":[{"taxonomy":"category","embeddable":true,"href":"https:\/\/sertv.gob.pa\/nacionalfm\/wp-json\/wp\/v2\/categories?post=7151"},{"taxonomy":"post_tag","embeddable":true,"href":"https:\/\/sertv.gob.pa\/nacionalfm\/wp-json\/wp\/v2\/tags?post=7151"}],"curies":[{"name":"wp","href":"https:\/\/api.w.org\/{rel}","templated":true}]}}