{"id":71520,"date":"2021-07-19T17:01:19","date_gmt":"2021-07-19T17:01:19","guid":{"rendered":"https:\/\/sertv.gob.pa\/nacionalfm\/?p=71520"},"modified":"2021-07-19T17:01:19","modified_gmt":"2021-07-19T17:01:19","slug":"la-magnitud-de-la-destruccion-en-europa-se-revela-a-medida-que-el-agua-disminuye-tras-las-historicas-inundaciones","status":"publish","type":"post","link":"https:\/\/sertv.gob.pa\/nacionalfm\/la-magnitud-de-la-destruccion-en-europa-se-revela-a-medida-que-el-agua-disminuye-tras-las-historicas-inundaciones\/","title":{"rendered":"La magnitud de la destrucci\u00f3n en Europa se revela a medida que el agua disminuye tras las hist\u00f3ricas inundaciones"},"content":{"rendered":"<p><strong><em>(CNN) \u2013<\/em><\/strong><em>\u00a0<\/em><\/p>\n<p>&nbsp;<\/p>\n<p>Al menos 194 personas han muerto y cientos m\u00e1s siguen desaparecidas despu\u00e9s de que\u00a0<a href=\"https:\/\/cnn.it\/3zbgHOa\" target=\"_blank\" rel=\"noopener\">catastr\u00f3ficas inundaciones<\/a>\u00a0azotaran grandes extensiones de Europa occidental. Decenas de miles de personas no pudieron regresar a sus hogares y muchas se quedaron sin acceso a electricidad y agua potable.<\/p>\n<p>Las inundaciones, causadas por lluvias sin precedentes, afectaron a partes del oeste de Alemania, as\u00ed como a B\u00e9lgica y los Pa\u00edses Bajos.<\/p>\n<p>Varias \u00e1reas en el sur de los Pa\u00edses Bajos permanecen evacuadas despu\u00e9s de que el s\u00e1bado, el r\u00edo Mosa subiera a niveles no vistos en m\u00e1s de un siglo. En Venlo, una ciudad que se asienta sobre el Mosa, 10.000 personas tuvieron que abandonar sus hogares.<\/p>\n<p>El r\u00e1pido aumento del nivel del agua oblig\u00f3 a los voluntarios y al ej\u00e9rcito a trabajar contra el reloj el s\u00e1bado para preparar a la ciudad para las inundaciones. Hicieron bolsas de arena y colocaron defensas contra inundaciones mientras los ingenieros se concentraban en fortalecer los diques despu\u00e9s de que uno de esos terraplenes se rompiera en la provincia de Limburgo del Sur el viernes, causando inundaciones a gran escala en las \u00e1reas circundantes.<\/p>\n<p>La preparaci\u00f3n dio sus frutos: la agencia de seguridad regional de Venlo dijo que los diques y las defensas contra inundaciones se mantuvieron durante la noche y no se esperaban inundaciones importantes.<\/p>\n<p>Mientras tanto, en Alemania, la verdadera magnitud de la destrucci\u00f3n provocada por las inundaciones se estaba revelando cuando el agua disminuy\u00f3 durante el fin de semana, dejando atr\u00e1s devastaci\u00f3n, barro y caos.<\/p>\n<p>Ciudades enteras, l\u00edneas de tren y carreteras fueron arrasadas y al menos 158 personas murieron en lo que el presidente alem\u00e1n Frank-Walter Steinmeier describi\u00f3 como el \u00abpeor desastre natural\u00bb en un siglo.<\/p>\n<p>La mayor\u00eda de las muertes se registraron, por mucho, en el estado occidental de Renania-Palatinado, donde 110 personas perdieron la vida, seg\u00fan un comunicado emitido por la polic\u00eda de Koblenz el domingo.<\/p>\n<p>Al visitar Schuld, una de las ciudades m\u00e1s afectadas, el domingo, la canciller alemana, Angela Merkel, dijo que la devastaci\u00f3n era \u00absurrealista\u00bb.<\/p>\n<p>\u00abEs impactante, casi puedo decir que el idioma alem\u00e1n no tiene palabras para la devastaci\u00f3n\u00bb, dijo a los periodistas en la ciudad de Adenau, en Renania-Palatinado. Merkel prometi\u00f3 que su gobierno proporcionar\u00eda ayuda financiera r\u00e1pidamente.<\/p>\n<p>Hablando junto a Merkel, el primer ministro del estado de Renania-Palatinado, Malu Dreyer, dijo que el \u00e1rea era \u00abun lugar de horror y destrucci\u00f3n\u00bb.<\/p>\n<p>El papa Francisco expres\u00f3 su solidaridad con las regiones afectadas por el desastre. \u00abQue el Se\u00f1or reciba a los fallecidos y consuele a sus seres queridos, que sostenga los esfuerzos de todos los que est\u00e1n ayudando a quienes han sufrido graves da\u00f1os\u00bb, dijo durante un discurso en el Vaticano el domingo.<\/p>\n<p>En B\u00e9lgica, el Centro Nacional de Crisis inform\u00f3 el domingo que la situaci\u00f3n estaba mejorando gradualmente en todo el pa\u00eds y que las \u00e1reas afectadas por las inundaciones est\u00e1n \u00abfuera de peligro inminente\u00bb. A\u00f1adi\u00f3 que la b\u00fasqueda de v\u00edctimas contin\u00faa y que la mayor preocupaci\u00f3n en este momento era la falta de agua potable en algunas de las \u00e1reas m\u00e1s afectadas. Al menos 31 personas han muerto en el pa\u00eds, seg\u00fan el centro.<\/p>\n<p>\u00abLas operaciones de rescate han concluido, pero las operaciones de b\u00fasqueda a\u00fan est\u00e1n en curso en varias \u00e1reas\u00bb, dijo el centro en un comunicado.<\/p>\n<p>Las devastadoras inundaciones se produjeron despu\u00e9s de que partes de Europa occidental experimentaran niveles hist\u00f3ricos de lluvia, con la ca\u00edda en 24 horas del equivalente a m\u00e1s de un mes de lluvia.<\/p>\n<p>Colonia, en Renania del Norte-Westfalia, registr\u00f3 154 mil\u00edmetros de lluvia en 24 horas hasta el jueves por la ma\u00f1ana, que es casi el doble de su promedio mensual para julio de 87 mil\u00edmetros. En el distrito de Ahrweiler, 207 mil\u00edmetros de lluvia cayeron en solo nueve horas, seg\u00fan la base de datos europea de clima severo.<\/p>\n<p>Los aguaceros resultaron en inundaciones repentinas extremas, con niveles de agua que aumentaron en cuesti\u00f3n de minutos.<\/p>\n<p>Si bien es demasiado pronto para que los cient\u00edficos digan qu\u00e9 papel ha desempe\u00f1ado el cambio clim\u00e1tico en la causa de esta inundaci\u00f3n en particular, los eventos de lluvia extrema como los que se vieron en Europa occidental esta semana se est\u00e1n volviendo m\u00e1s comunes y m\u00e1s severos.<\/p>\n<p><em>\u00a0<\/em><\/p>\n<p>Fuente: CNN<\/p>\n","protected":false},"excerpt":{"rendered":"<p>(CNN) \u2013\u00a0 &nbsp; Al menos 194 personas han muerto y <a href=\"https:\/\/sertv.gob.pa\/nacionalfm\/la-magnitud-de-la-destruccion-en-europa-se-revela-a-medida-que-el-agua-disminuye-tras-las-historicas-inundaciones\/\"> [&#8230;]<\/a><\/p>\n","protected":false},"author":9,"featured_media":71521,"comment_status":"closed","ping_status":"closed","sticky":false,"template":"","format":"standard","meta":{"footnotes":""},"categories":[3],"tags":[],"class_list":["post-71520","post","type-post","status-publish","format-standard","has-post-thumbnail","hentry","category-internacionales"],"_links":{"self":[{"href":"https:\/\/sertv.gob.pa\/nacionalfm\/wp-json\/wp\/v2\/posts\/71520","targetHints":{"allow":["GET"]}}],"collection":[{"href":"https:\/\/sertv.gob.pa\/nacionalfm\/wp-json\/wp\/v2\/posts"}],"about":[{"href":"https:\/\/sertv.gob.pa\/nacionalfm\/wp-json\/wp\/v2\/types\/post"}],"author":[{"embeddable":true,"href":"https:\/\/sertv.gob.pa\/nacionalfm\/wp-json\/wp\/v2\/users\/9"}],"replies":[{"embeddable":true,"href":"https:\/\/sertv.gob.pa\/nacionalfm\/wp-json\/wp\/v2\/comments?post=71520"}],"version-history":[{"count":2,"href":"https:\/\/sertv.gob.pa\/nacionalfm\/wp-json\/wp\/v2\/posts\/71520\/revisions"}],"predecessor-version":[{"id":71523,"href":"https:\/\/sertv.gob.pa\/nacionalfm\/wp-json\/wp\/v2\/posts\/71520\/revisions\/71523"}],"wp:featuredmedia":[{"embeddable":true,"href":"https:\/\/sertv.gob.pa\/nacionalfm\/wp-json\/wp\/v2\/media\/71521"}],"wp:attachment":[{"href":"https:\/\/sertv.gob.pa\/nacionalfm\/wp-json\/wp\/v2\/media?parent=71520"}],"wp:term":[{"taxonomy":"category","embeddable":true,"href":"https:\/\/sertv.gob.pa\/nacionalfm\/wp-json\/wp\/v2\/categories?post=71520"},{"taxonomy":"post_tag","embeddable":true,"href":"https:\/\/sertv.gob.pa\/nacionalfm\/wp-json\/wp\/v2\/tags?post=71520"}],"curies":[{"name":"wp","href":"https:\/\/api.w.org\/{rel}","templated":true}]}}