{"id":71524,"date":"2021-07-19T17:30:03","date_gmt":"2021-07-19T17:30:03","guid":{"rendered":"https:\/\/sertv.gob.pa\/nacionalfm\/?p=71524"},"modified":"2021-07-19T17:30:03","modified_gmt":"2021-07-19T17:30:03","slug":"el-primer-ministro-interino-de-haiti-claude-joseph-dejara-su-cargo","status":"publish","type":"post","link":"https:\/\/sertv.gob.pa\/nacionalfm\/el-primer-ministro-interino-de-haiti-claude-joseph-dejara-su-cargo\/","title":{"rendered":"El primer ministro interino de Hait\u00ed, Claude Joseph, dejar\u00e1 su cargo"},"content":{"rendered":"<p><strong>\u00a0<\/strong><\/p>\n<p><strong><em>(CNN) \u2013\u00a0<\/em><\/strong><\/p>\n<p>&nbsp;<\/p>\n<p>El primer ministro interino de Hait\u00ed, Claude Joseph, quien ha dirigido el pa\u00eds desde la muerte del presidente Jovenel Mo\u00efse, dimitir\u00e1 y entregar\u00e1 el poder al primer ministro designado Ariel Henry.<\/p>\n<p>Henry fue postulado para el cargo de primer ministro pocos d\u00edas antes de la muerte de Mo\u00efse, pero nunca asumi\u00f3 el cargo.<\/p>\n<p>Joseph mantendr\u00e1 su papel original como ministro de Relaciones Exteriores de Hait\u00ed y el martes se anunciar\u00e1 un nuevo gobierno, dijo el lunes a CNN el ministro de Elecciones, Mathias Pierre.<\/p>\n<p>\u00abLas negociaciones sobre la composici\u00f3n del resto del gobierno todav\u00eda est\u00e1n en curso, no hay un anuncio oficial a partir de ahora\u00bb, dijo Pierre.<\/p>\n<p>Ariel Henry, neur\u00f3logo, fue nombrado primer ministro el 5 de julio por Mo\u00efse. Pero nunca tom\u00f3 juramento oficialmente y ha estado impugnando el liderazgo de Joseph, quien inicialmente prometi\u00f3 liderar el pa\u00eds hasta las elecciones presidenciales y legislativas de este oto\u00f1o. La votaci\u00f3n est\u00e1 programada actualmente para el 26 de septiembre.<\/p>\n<p>El s\u00e1bado, un grupo de embajadores extranjeros y representantes especiales con base en Hait\u00ed pidieron al primer ministro designado Ariel Henry que forme un nuevo gobierno y organice elecciones presidenciales \u00ablo m\u00e1s r\u00e1pido posible\u00bb, en un comunicado de prensa publicado por la Oficina Integrada de las Naciones Unidas en Hait\u00ed (BINUH). El Core Group, como se le llama, es una de las varias entidades que piden un liderazgo espec\u00edfico a ra\u00edz del asesinato del presidente Mo\u00efse.<\/p>\n<p>Una conferencia de grupos de la sociedad civil tambi\u00e9n se reuni\u00f3 durante el fin de semana con el objetivo de publicar un plan para crear un consejo gubernamental de transici\u00f3n para dirigir el pa\u00eds temporalmente. Argumentan que Hait\u00ed, que est\u00e1 plagado de violencia de pandillas y problemas de infraestructura, no podr\u00e1 celebrar elecciones libres y justas este oto\u00f1o.<\/p>\n<p>\u201cLo mejor para el pa\u00eds es tener un primer ministro durante 120 d\u00edas para organizar elecciones\u201d, dijo Pierre. Seg\u00fan el ministro de elecciones, la cuenta regresiva de 120 d\u00edas comenzar\u00e1 una vez que el nuevo primer ministro tome posesi\u00f3n.<\/p>\n<p>Joseph, quien era el primer ministro de Hait\u00ed cuando Henry fue nombrado, dej\u00f3 en claro a principios de este mes, tras el asesinato de Mo\u00efse, que estaba asumiendo el liderazgo, al anunciar que Hait\u00ed estaba siendo colocado en un \u00abestado de sitio\u00bb, cerrando la frontera del pa\u00eds y poni\u00e9ndolo bajo la ley marcial despu\u00e9s de una reuni\u00f3n con los ministros del gobierno.<\/p>\n<p>Sin embargo, Henry dijo en ese momento que \u201cClaude Joseph no es primer ministro, es parte de mi gobierno\u201d, en una entrevista con el peri\u00f3dico haitiano le Nouvelliste.<\/p>\n<p>&nbsp;<\/p>\n<p>Fuente: CNN<\/p>\n","protected":false},"excerpt":{"rendered":"<p>\u00a0 (CNN) \u2013\u00a0 &nbsp; El primer ministro interino de Hait\u00ed, <a href=\"https:\/\/sertv.gob.pa\/nacionalfm\/el-primer-ministro-interino-de-haiti-claude-joseph-dejara-su-cargo\/\"> [&#8230;]<\/a><\/p>\n","protected":false},"author":9,"featured_media":71525,"comment_status":"closed","ping_status":"closed","sticky":false,"template":"","format":"standard","meta":{"footnotes":""},"categories":[3],"tags":[],"class_list":["post-71524","post","type-post","status-publish","format-standard","has-post-thumbnail","hentry","category-internacionales"],"_links":{"self":[{"href":"https:\/\/sertv.gob.pa\/nacionalfm\/wp-json\/wp\/v2\/posts\/71524","targetHints":{"allow":["GET"]}}],"collection":[{"href":"https:\/\/sertv.gob.pa\/nacionalfm\/wp-json\/wp\/v2\/posts"}],"about":[{"href":"https:\/\/sertv.gob.pa\/nacionalfm\/wp-json\/wp\/v2\/types\/post"}],"author":[{"embeddable":true,"href":"https:\/\/sertv.gob.pa\/nacionalfm\/wp-json\/wp\/v2\/users\/9"}],"replies":[{"embeddable":true,"href":"https:\/\/sertv.gob.pa\/nacionalfm\/wp-json\/wp\/v2\/comments?post=71524"}],"version-history":[{"count":1,"href":"https:\/\/sertv.gob.pa\/nacionalfm\/wp-json\/wp\/v2\/posts\/71524\/revisions"}],"predecessor-version":[{"id":71526,"href":"https:\/\/sertv.gob.pa\/nacionalfm\/wp-json\/wp\/v2\/posts\/71524\/revisions\/71526"}],"wp:featuredmedia":[{"embeddable":true,"href":"https:\/\/sertv.gob.pa\/nacionalfm\/wp-json\/wp\/v2\/media\/71525"}],"wp:attachment":[{"href":"https:\/\/sertv.gob.pa\/nacionalfm\/wp-json\/wp\/v2\/media?parent=71524"}],"wp:term":[{"taxonomy":"category","embeddable":true,"href":"https:\/\/sertv.gob.pa\/nacionalfm\/wp-json\/wp\/v2\/categories?post=71524"},{"taxonomy":"post_tag","embeddable":true,"href":"https:\/\/sertv.gob.pa\/nacionalfm\/wp-json\/wp\/v2\/tags?post=71524"}],"curies":[{"name":"wp","href":"https:\/\/api.w.org\/{rel}","templated":true}]}}