{"id":71527,"date":"2021-07-19T17:58:36","date_gmt":"2021-07-19T17:58:36","guid":{"rendered":"https:\/\/sertv.gob.pa\/nacionalfm\/?p=71527"},"modified":"2021-07-19T17:58:36","modified_gmt":"2021-07-19T17:58:36","slug":"la-academia-estadounidense-de-pediatria-recomienda-el-uso-universal-de-mascarillas-en-las-escuelas-para-todos-los-mayores-de-2-anos","status":"publish","type":"post","link":"https:\/\/sertv.gob.pa\/nacionalfm\/la-academia-estadounidense-de-pediatria-recomienda-el-uso-universal-de-mascarillas-en-las-escuelas-para-todos-los-mayores-de-2-anos\/","title":{"rendered":"La Academia Estadounidense de Pediatr\u00eda recomienda el uso universal de mascarillas en las escuelas para todos los mayores de 2 a\u00f1os"},"content":{"rendered":"<p><strong><em>(CNN) \u2013<\/em><\/strong><em>\u00a0<\/em><\/p>\n<p>&nbsp;<\/p>\n<p>La\u00a0<a href=\"https:\/\/www.aap.org\/en-us\/Pages\/Default.aspx\" target=\"_blank\" rel=\"noopener\">Academia Estadounidense de Pediatr\u00eda<\/a>\u00a0(APP, por sus siglas en ingl\u00e9s) lanz\u00f3 el lunes una nueva gu\u00eda de covid-19 para las escuelas que apoya el aprendizaje en persona y, entre otras cosas, recomienda el uso universal de mascarillas en la escuela para todas las personas mayores de 2 a\u00f1os.<\/p>\n<p>\u201cLa AAP cree que, en este punto de la pandemia, dado lo que sabemos sobre las bajas tasas de transmisi\u00f3n en la escuela, cuando se utilizan las medidas de prevenci\u00f3n adecuadas, junto con la disponibilidad de vacunas eficaces para los mayores de 12 a\u00f1os, los beneficios de la escuela en persona superan los riesgos en todas las circunstancias\u201d, dice la gu\u00eda.<\/p>\n<p>Una de las principales intervenciones propuestas por la AAP incluye que todos los estudiantes mayores de 2 a\u00f1os y todo el personal de la escuela deben usar mascarillas en la escuela a menos que tengan una condici\u00f3n m\u00e9dica o de desarrollo que lo proh\u00edba.<\/p>\n<p><strong>M\u00e1s recomendaciones de la APP m\u00e1s all\u00e1 de la mascarilla en las escuelas<\/strong><\/p>\n<p>Las razones de esta recomendaci\u00f3n incluyen, pero no se limitan, a una proporci\u00f3n significativa de la poblaci\u00f3n estudiantil que a\u00fan no es elegible para la vacunaci\u00f3n. Tambi\u00e9n, enmascarar la protecci\u00f3n de quienes no est\u00e1n vacunados contra el covid-19 y reducir la transmisi\u00f3n; y la dificultad potencial para monitorear o hacer cumplir las pol\u00edticas de mascarillas para aquellos que no est\u00e1n vacunados.<\/p>\n<p>Adem\u00e1s, otras acciones recomendadas por la AAP incluyen que todas las personas elegibles se vacunen; que se disponga de recursos de prueba adecuados y oportunos. Y tambi\u00e9n que las estrategias que se desarrollen puedan ser revisadas y adaptadas dependiendo de la situaci\u00f3n en la comunidad.<\/p>\n<p>\u201cCon los principios anteriores en mente, la AAP aboga firmemente por que todas las consideraciones de pol\u00edtica para los planes escolares covid-19 deben comenzar con el objetivo de mantener a los estudiantes seguros y f\u00edsicamente presentes en la escuela\u201d, dice la gu\u00eda.<\/p>\n<p>\u00abLa importancia del aprendizaje en persona est\u00e1 bien documentada y ya hay evidencia de los impactos negativos en los ni\u00f1os debido al cierre de escuelas en 2020\u00bb, a\u00f1ade.<\/p>\n<p>Fuente: CNN<\/p>\n<p>&nbsp;<\/p>\n","protected":false},"excerpt":{"rendered":"<p>(CNN) \u2013\u00a0 &nbsp; La\u00a0Academia Estadounidense de Pediatr\u00eda\u00a0(APP, por sus siglas <a href=\"https:\/\/sertv.gob.pa\/nacionalfm\/la-academia-estadounidense-de-pediatria-recomienda-el-uso-universal-de-mascarillas-en-las-escuelas-para-todos-los-mayores-de-2-anos\/\"> [&#8230;]<\/a><\/p>\n","protected":false},"author":9,"featured_media":71528,"comment_status":"closed","ping_status":"closed","sticky":false,"template":"","format":"standard","meta":{"footnotes":""},"categories":[3],"tags":[],"class_list":["post-71527","post","type-post","status-publish","format-standard","has-post-thumbnail","hentry","category-internacionales"],"_links":{"self":[{"href":"https:\/\/sertv.gob.pa\/nacionalfm\/wp-json\/wp\/v2\/posts\/71527","targetHints":{"allow":["GET"]}}],"collection":[{"href":"https:\/\/sertv.gob.pa\/nacionalfm\/wp-json\/wp\/v2\/posts"}],"about":[{"href":"https:\/\/sertv.gob.pa\/nacionalfm\/wp-json\/wp\/v2\/types\/post"}],"author":[{"embeddable":true,"href":"https:\/\/sertv.gob.pa\/nacionalfm\/wp-json\/wp\/v2\/users\/9"}],"replies":[{"embeddable":true,"href":"https:\/\/sertv.gob.pa\/nacionalfm\/wp-json\/wp\/v2\/comments?post=71527"}],"version-history":[{"count":1,"href":"https:\/\/sertv.gob.pa\/nacionalfm\/wp-json\/wp\/v2\/posts\/71527\/revisions"}],"predecessor-version":[{"id":71529,"href":"https:\/\/sertv.gob.pa\/nacionalfm\/wp-json\/wp\/v2\/posts\/71527\/revisions\/71529"}],"wp:featuredmedia":[{"embeddable":true,"href":"https:\/\/sertv.gob.pa\/nacionalfm\/wp-json\/wp\/v2\/media\/71528"}],"wp:attachment":[{"href":"https:\/\/sertv.gob.pa\/nacionalfm\/wp-json\/wp\/v2\/media?parent=71527"}],"wp:term":[{"taxonomy":"category","embeddable":true,"href":"https:\/\/sertv.gob.pa\/nacionalfm\/wp-json\/wp\/v2\/categories?post=71527"},{"taxonomy":"post_tag","embeddable":true,"href":"https:\/\/sertv.gob.pa\/nacionalfm\/wp-json\/wp\/v2\/tags?post=71527"}],"curies":[{"name":"wp","href":"https:\/\/api.w.org\/{rel}","templated":true}]}}