{"id":71665,"date":"2021-07-21T17:18:34","date_gmt":"2021-07-21T17:18:34","guid":{"rendered":"https:\/\/sertv.gob.pa\/nacionalfm\/?p=71665"},"modified":"2021-07-21T17:18:34","modified_gmt":"2021-07-21T17:18:34","slug":"reportan-22-capturas-y-21-policias-heridos-en-protestas-del-20-de-julio-en-colombia","status":"publish","type":"post","link":"https:\/\/sertv.gob.pa\/nacionalfm\/reportan-22-capturas-y-21-policias-heridos-en-protestas-del-20-de-julio-en-colombia\/","title":{"rendered":"Reportan 22 capturas y 21 polic\u00edas heridos en protestas del 20 de julio en Colombia"},"content":{"rendered":"<p><strong>\u00a0<\/strong><\/p>\n<p><strong><em>(CNN en Espa\u00f1ol) \u2013<\/em><\/strong><\/p>\n<p><strong>\u00a0<\/strong><\/p>\n<p>Veintid\u00f3s capturas, 21 uniformados heridos y m\u00e1s de 190 actividades entre marchas y concentraciones fue el balance nacional presentado por el Ministerio de Defensa de Colombia en el marco de las protestas del 20 de julio.<\/p>\n<p>M\u00e1s de 53.000 polic\u00edas y 36.000 soldados acompa\u00f1aron las protestas en el pa\u00eds, donde las autoridades debieron realizar acciones para mantener el orden.<\/p>\n<p>El ministro de Defensa, Diego Molano, dijo que, en general, se vivi\u00f3 una jornada pacifica, pero fueron afectados una estaci\u00f3n de polic\u00eda, tres establecimientos comerciales, cuatro infraestructuras del gobierno, un monumento y ocho estaciones de Transmilenio en Bogot\u00e1, hechos por los que, dijo el ministro, han comenzado la judicializaci\u00f3n de los involucrados.<\/p>\n<p>El director general de la Polic\u00eda de Colombia, General Jorge Vargas, a\u00f1adi\u00f3 en el reporte del Ministerio de Defensa que las 22 capturas se realizaron en las ciudades de Pasto, Cundinamarca, Bogot\u00e1, Manizales, Cali y Pereira. A los detenidos se les imputaron cargos por el delito en bien ajeno, obstrucci\u00f3n en v\u00eda p\u00fablica, da\u00f1o en bien p\u00fablico, lanzamientos de sustancias peligrosas a la polic\u00eda y violencia contra servidores p\u00fablicos.<\/p>\n<p>El general Vargas, a\u00f1adi\u00f3 que, los uniformados lesionados no sufrieron heridas de gravedad.<\/p>\n<p>Hasta el momento, contin\u00faan las protestas violentas en Bogot\u00e1, en el sector del Portal de las Am\u00e9ricas, y en la ciudad de Bucaramanga, aunque no se reportan nuevos arrestados o heridos.<\/p>\n<p>&nbsp;<\/p>\n<p>Fuente: CNN<\/p>\n","protected":false},"excerpt":{"rendered":"<p>\u00a0 (CNN en Espa\u00f1ol) \u2013 \u00a0 Veintid\u00f3s capturas, 21 uniformados <a href=\"https:\/\/sertv.gob.pa\/nacionalfm\/reportan-22-capturas-y-21-policias-heridos-en-protestas-del-20-de-julio-en-colombia\/\"> [&#8230;]<\/a><\/p>\n","protected":false},"author":9,"featured_media":71666,"comment_status":"closed","ping_status":"closed","sticky":false,"template":"","format":"standard","meta":{"footnotes":""},"categories":[3],"tags":[],"class_list":["post-71665","post","type-post","status-publish","format-standard","has-post-thumbnail","hentry","category-internacionales"],"_links":{"self":[{"href":"https:\/\/sertv.gob.pa\/nacionalfm\/wp-json\/wp\/v2\/posts\/71665","targetHints":{"allow":["GET"]}}],"collection":[{"href":"https:\/\/sertv.gob.pa\/nacionalfm\/wp-json\/wp\/v2\/posts"}],"about":[{"href":"https:\/\/sertv.gob.pa\/nacionalfm\/wp-json\/wp\/v2\/types\/post"}],"author":[{"embeddable":true,"href":"https:\/\/sertv.gob.pa\/nacionalfm\/wp-json\/wp\/v2\/users\/9"}],"replies":[{"embeddable":true,"href":"https:\/\/sertv.gob.pa\/nacionalfm\/wp-json\/wp\/v2\/comments?post=71665"}],"version-history":[{"count":1,"href":"https:\/\/sertv.gob.pa\/nacionalfm\/wp-json\/wp\/v2\/posts\/71665\/revisions"}],"predecessor-version":[{"id":71667,"href":"https:\/\/sertv.gob.pa\/nacionalfm\/wp-json\/wp\/v2\/posts\/71665\/revisions\/71667"}],"wp:featuredmedia":[{"embeddable":true,"href":"https:\/\/sertv.gob.pa\/nacionalfm\/wp-json\/wp\/v2\/media\/71666"}],"wp:attachment":[{"href":"https:\/\/sertv.gob.pa\/nacionalfm\/wp-json\/wp\/v2\/media?parent=71665"}],"wp:term":[{"taxonomy":"category","embeddable":true,"href":"https:\/\/sertv.gob.pa\/nacionalfm\/wp-json\/wp\/v2\/categories?post=71665"},{"taxonomy":"post_tag","embeddable":true,"href":"https:\/\/sertv.gob.pa\/nacionalfm\/wp-json\/wp\/v2\/tags?post=71665"}],"curies":[{"name":"wp","href":"https:\/\/api.w.org\/{rel}","templated":true}]}}