{"id":717,"date":"2014-08-01T05:00:00","date_gmt":"2014-08-01T05:00:00","guid":{"rendered":""},"modified":"2014-08-01T05:00:00","modified_gmt":"2014-08-01T05:00:00","slug":"caso-numero-14-del-chikungunya","status":"publish","type":"post","link":"https:\/\/sertv.gob.pa\/nacionalfm\/caso-numero-14-del-chikungunya\/","title":{"rendered":"Caso n\u00famero 14 del chikungunya"},"content":{"rendered":"<p>\nAyer, el Ministerio de Salud (MINSA) confirm\u00f3 otro caso en Calidonia. <\/p>\n<p>Con este caso, la lista asciende a 14 personas infectadas por este virus, inform\u00f3 la jefa de Epidemiolog\u00eda del MINSA, Lourdes Garc\u00eda, quien explic\u00f3 que se trata de una mujer de nacionalidad dominicana, quien viaj\u00f3 anteriormente a su pa\u00eds natal a visitar a su familia. <\/p>\n<p>En este mismo sector, se detect\u00f3 el primer caso aut\u00f3ctono de chikungunya. <\/p>\n<p>Desde que se report\u00f3 la enfermedad en los pa\u00edses caribe\u00f1os, 40 casos ha investigado el MINSA. De estos, 14 salieron positivos, 9 son sospechosos y 17 se descartaron. <\/p>\n<p>Ayer, la exministra de Salud, Rosario Turner, hizo un llamado a la sociedad a cooperar eliminando los criaderos para evitar que se declare una epidemia.\u00a0 @nacionalFm <\/p>\n<p>\u00a0 <\/p>\n","protected":false},"excerpt":{"rendered":"<p>Ayer, el Ministerio de Salud (MINSA) confirm\u00f3 otro caso en <a href=\"https:\/\/sertv.gob.pa\/nacionalfm\/caso-numero-14-del-chikungunya\/\"> [&#8230;]<\/a><\/p>\n","protected":false},"author":1,"featured_media":718,"comment_status":"closed","ping_status":"closed","sticky":false,"template":"","format":"standard","meta":{"footnotes":""},"categories":[5],"tags":[],"class_list":["post-717","post","type-post","status-publish","format-standard","has-post-thumbnail","hentry","category-salud"],"_links":{"self":[{"href":"https:\/\/sertv.gob.pa\/nacionalfm\/wp-json\/wp\/v2\/posts\/717","targetHints":{"allow":["GET"]}}],"collection":[{"href":"https:\/\/sertv.gob.pa\/nacionalfm\/wp-json\/wp\/v2\/posts"}],"about":[{"href":"https:\/\/sertv.gob.pa\/nacionalfm\/wp-json\/wp\/v2\/types\/post"}],"author":[{"embeddable":true,"href":"https:\/\/sertv.gob.pa\/nacionalfm\/wp-json\/wp\/v2\/users\/1"}],"replies":[{"embeddable":true,"href":"https:\/\/sertv.gob.pa\/nacionalfm\/wp-json\/wp\/v2\/comments?post=717"}],"version-history":[{"count":0,"href":"https:\/\/sertv.gob.pa\/nacionalfm\/wp-json\/wp\/v2\/posts\/717\/revisions"}],"wp:featuredmedia":[{"embeddable":true,"href":"https:\/\/sertv.gob.pa\/nacionalfm\/wp-json\/wp\/v2\/media\/718"}],"wp:attachment":[{"href":"https:\/\/sertv.gob.pa\/nacionalfm\/wp-json\/wp\/v2\/media?parent=717"}],"wp:term":[{"taxonomy":"category","embeddable":true,"href":"https:\/\/sertv.gob.pa\/nacionalfm\/wp-json\/wp\/v2\/categories?post=717"},{"taxonomy":"post_tag","embeddable":true,"href":"https:\/\/sertv.gob.pa\/nacionalfm\/wp-json\/wp\/v2\/tags?post=717"}],"curies":[{"name":"wp","href":"https:\/\/api.w.org\/{rel}","templated":true}]}}