{"id":71721,"date":"2021-07-22T17:07:22","date_gmt":"2021-07-22T17:07:22","guid":{"rendered":"https:\/\/sertv.gob.pa\/nacionalfm\/?p=71721"},"modified":"2021-07-22T17:07:22","modified_gmt":"2021-07-22T17:07:22","slug":"la-sequia-empeora-y-se-expande-en-el-noroeste-de-estados-unidos","status":"publish","type":"post","link":"https:\/\/sertv.gob.pa\/nacionalfm\/la-sequia-empeora-y-se-expande-en-el-noroeste-de-estados-unidos\/","title":{"rendered":"La sequ\u00eda empeora y se expande en el noroeste de Estados Unidos"},"content":{"rendered":"<p>&nbsp;<\/p>\n<p><strong><em>(CNN) \u2013<\/em><\/strong><em>\u00a0<\/em><\/p>\n<p><em>\u00a0<\/em><\/p>\n<p>Las condiciones de sequ\u00eda contin\u00faan empeorando en el oeste de Estados Unidos, particularmente en el noroeste del Pac\u00edfico, donde las \u00e1reas en las peores categor\u00edas experimentaron una expansi\u00f3n significativa.<\/p>\n<p>\u00abEn parte debido a los impresionantes impactos relacionados con la sequ\u00eda en la agricultura, la sequ\u00eda extrema a excepcional (D3 a D4) se expandi\u00f3 ampliamente en el este de Washington y sus alrededores\u00bb, seg\u00fan el \u00faltimo informe de\u00a0<a href=\"https:\/\/droughtmonitor.unl.edu\/\" target=\"_blank\" rel=\"noopener\">Monitor de sequ\u00eda de EE. UU<\/a>. publicado este jueves por la ma\u00f1ana.<\/p>\n<p>En el estado de Washington, que hasta la semana pasada no hab\u00eda tenido ninguna \u00absequ\u00eda excepcional\u00bb (nivel 4 de 4) registrada, ha visto explotar para cubrir m\u00e1s de una cuarta parte (27%) del estado esta semana.<\/p>\n<p>Oregon actualmente tiene el 17% del estado en sequ\u00eda excepcional,\u00a0<a href=\"https:\/\/cnnespanol.cnn.com\/2021\/07\/20\/incendio-bootleg-oregon-clima-propio-trax\/\" target=\"_blank\" rel=\"noopener\">un \u00e1rea que casi se ha cuadriplicado este mes<\/a>\u00a0y es la m\u00e1s registrada para el estado.<\/p>\n<p>En todo el oeste, m\u00e1s de dos tercios del \u00e1rea se encuentra bajo las categor\u00edas m\u00e1s altas de sequ\u00eda extrema o excepcional, la mayor cantidad en la historia. El \u00e1rea bajo las dos peores categor\u00edas se ha expandido en 96.560 kil\u00f3metros cuadrados, o aproximadamente el tama\u00f1o del estado de Georgia, durante julio.<\/p>\n<p>M\u00e1s del 95% de Occidente en EE.UU. se encuentra en alg\u00fan tipo de categor\u00eda de sequ\u00eda.<\/p>\n<p>Las fuertes lluvias del monz\u00f3n del suroeste han tra\u00eddo algunas mejoras en el suroeste, particularmente en partes de Arizona, Nuevo M\u00e9xico y el suroeste de Colorado, seg\u00fan el resumen de esta semana.<\/p>\n<p>Es probable que se registren mejoras adicionales en esta regi\u00f3n de Four Corners, ya que se pronostican lluvias significativas esta semana en Arizona y los estados circundantes. All\u00ed se observan alertas de inundaciones repentinas para los pr\u00f3ximos d\u00edas.<\/p>\n<p>&nbsp;<\/p>\n<p>Fuente: CNN<\/p>\n","protected":false},"excerpt":{"rendered":"<p>&nbsp; (CNN) \u2013\u00a0 \u00a0 Las condiciones de sequ\u00eda contin\u00faan empeorando <a href=\"https:\/\/sertv.gob.pa\/nacionalfm\/la-sequia-empeora-y-se-expande-en-el-noroeste-de-estados-unidos\/\"> [&#8230;]<\/a><\/p>\n","protected":false},"author":9,"featured_media":71722,"comment_status":"closed","ping_status":"closed","sticky":false,"template":"","format":"standard","meta":{"footnotes":""},"categories":[3],"tags":[],"class_list":["post-71721","post","type-post","status-publish","format-standard","has-post-thumbnail","hentry","category-internacionales"],"_links":{"self":[{"href":"https:\/\/sertv.gob.pa\/nacionalfm\/wp-json\/wp\/v2\/posts\/71721","targetHints":{"allow":["GET"]}}],"collection":[{"href":"https:\/\/sertv.gob.pa\/nacionalfm\/wp-json\/wp\/v2\/posts"}],"about":[{"href":"https:\/\/sertv.gob.pa\/nacionalfm\/wp-json\/wp\/v2\/types\/post"}],"author":[{"embeddable":true,"href":"https:\/\/sertv.gob.pa\/nacionalfm\/wp-json\/wp\/v2\/users\/9"}],"replies":[{"embeddable":true,"href":"https:\/\/sertv.gob.pa\/nacionalfm\/wp-json\/wp\/v2\/comments?post=71721"}],"version-history":[{"count":1,"href":"https:\/\/sertv.gob.pa\/nacionalfm\/wp-json\/wp\/v2\/posts\/71721\/revisions"}],"predecessor-version":[{"id":71723,"href":"https:\/\/sertv.gob.pa\/nacionalfm\/wp-json\/wp\/v2\/posts\/71721\/revisions\/71723"}],"wp:featuredmedia":[{"embeddable":true,"href":"https:\/\/sertv.gob.pa\/nacionalfm\/wp-json\/wp\/v2\/media\/71722"}],"wp:attachment":[{"href":"https:\/\/sertv.gob.pa\/nacionalfm\/wp-json\/wp\/v2\/media?parent=71721"}],"wp:term":[{"taxonomy":"category","embeddable":true,"href":"https:\/\/sertv.gob.pa\/nacionalfm\/wp-json\/wp\/v2\/categories?post=71721"},{"taxonomy":"post_tag","embeddable":true,"href":"https:\/\/sertv.gob.pa\/nacionalfm\/wp-json\/wp\/v2\/tags?post=71721"}],"curies":[{"name":"wp","href":"https:\/\/api.w.org\/{rel}","templated":true}]}}