{"id":7183,"date":"2015-09-03T18:16:31","date_gmt":"2015-09-03T18:16:31","guid":{"rendered":""},"modified":"2015-09-03T18:16:31","modified_gmt":"2015-09-03T18:16:31","slug":"celulas-cancerigenas-mueren-por-veneno-de-avispa","status":"publish","type":"post","link":"https:\/\/sertv.gob.pa\/nacionalfm\/celulas-cancerigenas-mueren-por-veneno-de-avispa\/","title":{"rendered":"C\u00e9lulas cancer\u00edgenas mueren por veneno de avispa"},"content":{"rendered":"<p>\nUn estudio de investigadores de la Universidad del Estado de Sao Paulo (Unesp) y la Universidad de Leeds (Reino Unido) revel\u00f3 que el veneno de una avispa es eficaz para matar c\u00e9lulas cancer\u00edgenas sin afectar a otras saludables. <\/p>\n<p>La avispa brasile\u00f1a es la  Polyana paulista , un tipo muy frecuente en el sureste de Brasil, que produce una toxina que se ha mostrado eficaz en la reducci\u00f3n de la proliferaci\u00f3n de c\u00e9lulas malignas en el c\u00e1ncer de pr\u00f3stata, vejiga y leucemia. <\/p>\n<p>Los cient\u00edficos ya conoc\u00edan las propiedades anticancer\u00edgenas de la toxina MP1, presente en el veneno de la avispa brasile\u00f1a, pero s\u00f3lo hasta ahora pudieron descubrir que esta sustancia \u00fanicamente afecta a las c\u00e9lulas da\u00f1inas y no a las sanas, seg\u00fan inform\u00f3 la Unesp. <\/p>\n<p>La toxina es muy selectiva y apenas ataca a los linfocitos leuc\u00e9micos, puesto que en las c\u00e9lulas cancer\u00edgenas se hallan en la membrana externa y en una c\u00e9lula sana est\u00e1n protegidos por una membrana interna. <\/p>\n<p>A pesar de los resultados prometedores del estudio, los cient\u00edficos deben llevar a cabo m\u00e1s pruebas como alteraci\u00f3n de la secuencia de amino\u00e1cidos de la toxina MP1, para examinar si la estructura de la toxina se relaciona a su funci\u00f3n. <\/p>\n<p>\u00a0 <\/p>\n<p>\u00a0 <\/p>\n","protected":false},"excerpt":{"rendered":"<p>Un estudio de investigadores de la Universidad del Estado de <a href=\"https:\/\/sertv.gob.pa\/nacionalfm\/celulas-cancerigenas-mueren-por-veneno-de-avispa\/\"> [&#8230;]<\/a><\/p>\n","protected":false},"author":1,"featured_media":7184,"comment_status":"closed","ping_status":"closed","sticky":false,"template":"","format":"standard","meta":{"footnotes":""},"categories":[5],"tags":[],"class_list":["post-7183","post","type-post","status-publish","format-standard","has-post-thumbnail","hentry","category-salud"],"_links":{"self":[{"href":"https:\/\/sertv.gob.pa\/nacionalfm\/wp-json\/wp\/v2\/posts\/7183","targetHints":{"allow":["GET"]}}],"collection":[{"href":"https:\/\/sertv.gob.pa\/nacionalfm\/wp-json\/wp\/v2\/posts"}],"about":[{"href":"https:\/\/sertv.gob.pa\/nacionalfm\/wp-json\/wp\/v2\/types\/post"}],"author":[{"embeddable":true,"href":"https:\/\/sertv.gob.pa\/nacionalfm\/wp-json\/wp\/v2\/users\/1"}],"replies":[{"embeddable":true,"href":"https:\/\/sertv.gob.pa\/nacionalfm\/wp-json\/wp\/v2\/comments?post=7183"}],"version-history":[{"count":0,"href":"https:\/\/sertv.gob.pa\/nacionalfm\/wp-json\/wp\/v2\/posts\/7183\/revisions"}],"wp:featuredmedia":[{"embeddable":true,"href":"https:\/\/sertv.gob.pa\/nacionalfm\/wp-json\/wp\/v2\/media\/7184"}],"wp:attachment":[{"href":"https:\/\/sertv.gob.pa\/nacionalfm\/wp-json\/wp\/v2\/media?parent=7183"}],"wp:term":[{"taxonomy":"category","embeddable":true,"href":"https:\/\/sertv.gob.pa\/nacionalfm\/wp-json\/wp\/v2\/categories?post=7183"},{"taxonomy":"post_tag","embeddable":true,"href":"https:\/\/sertv.gob.pa\/nacionalfm\/wp-json\/wp\/v2\/tags?post=7183"}],"curies":[{"name":"wp","href":"https:\/\/api.w.org\/{rel}","templated":true}]}}