{"id":71840,"date":"2021-07-26T17:06:49","date_gmt":"2021-07-26T17:06:49","guid":{"rendered":"https:\/\/sertv.gob.pa\/nacionalfm\/?p=71840"},"modified":"2021-07-26T17:06:49","modified_gmt":"2021-07-26T17:06:49","slug":"covid-19-en-latinoamerica-argentina-brasil-mexico-colombia-entre-otros-superan-el-promedio-mundial-de-vacunacion","status":"publish","type":"post","link":"https:\/\/sertv.gob.pa\/nacionalfm\/covid-19-en-latinoamerica-argentina-brasil-mexico-colombia-entre-otros-superan-el-promedio-mundial-de-vacunacion\/","title":{"rendered":"Covid-19 en Latinoam\u00e9rica: Argentina, Brasil, M\u00e9xico, Colombia, entre otros, superan el promedio mundial de vacunaci\u00f3n"},"content":{"rendered":"<p><strong><em>\u00a0<\/em><\/strong><strong><em>(CNN Espa\u00f1ol) \u2013\u00a0<\/em><\/strong><\/p>\n<p>&nbsp;<\/p>\n<p>El 27,1% de la poblaci\u00f3n mundial ha recibido al menos una dosis de la vacuna contra el covid-19, seg\u00fan cifras de\u00a0<a href=\"https:\/\/ourworldindata.org\/covid-vaccinations\" target=\"_blank\" rel=\"noopener\">Our World In Data<\/a>. Pero algunos pa\u00edses latinoamericanos sobrepasan &#8211;y unos por mucho&#8211; el promedio mundial.<\/p>\n<p><strong>Avanza la vacunaci\u00f3n<\/strong><\/p>\n<p>Es el caso de Uruguay y Chile, que con 72,95% y 71,22%, respectivamente, lideran las tasas de vacunaci\u00f3n del mundo, por encima de pa\u00edses como Canad\u00e1, que tiene el 70,83% de su poblaci\u00f3n vacunada al menos parcialmente, y el Reino Unido, con 68,35%.<\/p>\n<p>Pero no son los \u00fanicos pa\u00edses de Am\u00e9rica Latina que est\u00e1n superando el promedio mundial.<\/p>\n<p>Las naciones m\u00e1s pobladas de la regi\u00f3n tambi\u00e9n est\u00e1n por encima del promedio: Argentina, con 51,98%; Brasil, con 46,35%; M\u00e9xico, con 32,22%; y Colombia, con 31,20% de su poblaci\u00f3n que ha recibido al menos una dosis.<\/p>\n<p>Adem\u00e1s, se suman al grupo otros pa\u00edses latinoamericanos como Ecuador, con 41,39%; El Salvador, con 38,97%; Costa Rica, con 38,92%; Panam\u00e1, con 34,42%; y Cuba, con 30,48%, seg\u00fan datos de\u00a0<a href=\"https:\/\/ourworldindata.org\/covid-vaccinations\" target=\"_blank\" rel=\"noopener\">Our World In Data<\/a>\u00a0actualizados el 24 de julio.<\/p>\n<p><strong>M\u00e9xico<\/strong><\/p>\n<p>M\u00e9xico dijo que este martes enviar\u00e1 a Guatemala 150.000 dosis de la vacuna de AstraZeneca para que \u00absean aplicadas como parte de la segunda dosis a la poblaci\u00f3n de dicho pa\u00eds\u00bb, seg\u00fan dijo la Canciller\u00eda de M\u00e9xico.<\/p>\n<p>Este anuncio hizo parte del comunicado de la Secretar\u00eda de Exteriores en el que se informaba que M\u00e9xico enviar\u00e1 a Cuba insumos m\u00e9dicos y humanitarios.<\/p>\n<p>Entre estos, se incluye \u00abmaterial m\u00e9dico como jeringas, tanques de ox\u00edgeno tipo T, 9.500 litros y cubrebocas\u00bb e\u00a0\u00abinsumos como leche en polvo, frijol, harina de trigo, latas de at\u00fan, aceite comestible, as\u00ed como gasolina di\u00e9sel\u00bb.<\/p>\n<p><strong>Colombia<\/strong><\/p>\n<p>Este domingo llegaron a Colombia 3,5 millones de dosis de la vacuna Moderna donadas por Estados Unidos. El presidente Iv\u00e1n Duque y el embajador de EE.UU. en Colombia, Philip S. Goldberg, recibieron el lote.<\/p>\n<p>\u00abEsta donaci\u00f3n de vacunas por parte de EE.UU. es muy importante para seguir enfrentando la pandemia, y se suma a los aportes previos con vacunas de Janssen, que representan biol\u00f3gicos para cerca de un 10% de la poblaci\u00f3n colombiana\u00bb, dijo Duque.<\/p>\n<p><strong>Venezuela<\/strong><\/p>\n<p>El domingo, el cuestionado presidente de Venezuela Nicol\u00e1s Maduro anunci\u00f3 que el pa\u00eds hab\u00eda detectado la variante delta del coronavirus en dos personas que regresaron al pa\u00eds tras viajar al exterior.<\/p>\n<p>Maduro dijo que los casos eran el de un joven deportista que lleg\u00f3 de un viaje desde Turqu\u00eda y el segundo una m\u00e9dico que reside en Caracas, que tambi\u00e9n volv\u00eda del exterior. Destac\u00f3 que ambas personas estaban vacunadas.<\/p>\n<p><strong>Argentina y Brasil<\/strong><\/p>\n<p>La frontera entre Argentina y Brasil permanece cerrada, luego de que se instauraran restricciones debido a la pandemia de covid-19, desde el a\u00f1o pasado.<\/p>\n<p>&nbsp;<\/p>\n<p>Fuente: CNN<\/p>\n","protected":false},"excerpt":{"rendered":"<p>\u00a0(CNN Espa\u00f1ol) \u2013\u00a0 &nbsp; El 27,1% de la poblaci\u00f3n mundial <a href=\"https:\/\/sertv.gob.pa\/nacionalfm\/covid-19-en-latinoamerica-argentina-brasil-mexico-colombia-entre-otros-superan-el-promedio-mundial-de-vacunacion\/\"> [&#8230;]<\/a><\/p>\n","protected":false},"author":9,"featured_media":71841,"comment_status":"closed","ping_status":"closed","sticky":false,"template":"","format":"standard","meta":{"footnotes":""},"categories":[3],"tags":[],"class_list":["post-71840","post","type-post","status-publish","format-standard","has-post-thumbnail","hentry","category-internacionales"],"_links":{"self":[{"href":"https:\/\/sertv.gob.pa\/nacionalfm\/wp-json\/wp\/v2\/posts\/71840","targetHints":{"allow":["GET"]}}],"collection":[{"href":"https:\/\/sertv.gob.pa\/nacionalfm\/wp-json\/wp\/v2\/posts"}],"about":[{"href":"https:\/\/sertv.gob.pa\/nacionalfm\/wp-json\/wp\/v2\/types\/post"}],"author":[{"embeddable":true,"href":"https:\/\/sertv.gob.pa\/nacionalfm\/wp-json\/wp\/v2\/users\/9"}],"replies":[{"embeddable":true,"href":"https:\/\/sertv.gob.pa\/nacionalfm\/wp-json\/wp\/v2\/comments?post=71840"}],"version-history":[{"count":1,"href":"https:\/\/sertv.gob.pa\/nacionalfm\/wp-json\/wp\/v2\/posts\/71840\/revisions"}],"predecessor-version":[{"id":71842,"href":"https:\/\/sertv.gob.pa\/nacionalfm\/wp-json\/wp\/v2\/posts\/71840\/revisions\/71842"}],"wp:featuredmedia":[{"embeddable":true,"href":"https:\/\/sertv.gob.pa\/nacionalfm\/wp-json\/wp\/v2\/media\/71841"}],"wp:attachment":[{"href":"https:\/\/sertv.gob.pa\/nacionalfm\/wp-json\/wp\/v2\/media?parent=71840"}],"wp:term":[{"taxonomy":"category","embeddable":true,"href":"https:\/\/sertv.gob.pa\/nacionalfm\/wp-json\/wp\/v2\/categories?post=71840"},{"taxonomy":"post_tag","embeddable":true,"href":"https:\/\/sertv.gob.pa\/nacionalfm\/wp-json\/wp\/v2\/tags?post=71840"}],"curies":[{"name":"wp","href":"https:\/\/api.w.org\/{rel}","templated":true}]}}