{"id":71843,"date":"2021-07-26T17:20:43","date_gmt":"2021-07-26T17:20:43","guid":{"rendered":"https:\/\/sertv.gob.pa\/nacionalfm\/?p=71843"},"modified":"2021-07-26T17:20:43","modified_gmt":"2021-07-26T17:20:43","slug":"cuba-recibe-ayuda-humanitaria-de-rusia-tras-las-nuevas-sanciones-de-estados-unidos","status":"publish","type":"post","link":"https:\/\/sertv.gob.pa\/nacionalfm\/cuba-recibe-ayuda-humanitaria-de-rusia-tras-las-nuevas-sanciones-de-estados-unidos\/","title":{"rendered":"Cuba recibe ayuda humanitaria de Rusia tras las nuevas sanciones de Estados Unidos"},"content":{"rendered":"<p><strong><em>(CNN) \u2013<\/em><\/strong><em>\u00a0<\/em><\/p>\n<p><em>\u00a0<\/em><\/p>\n<p><em><a href=\"https:\/\/cnnespanol.cnn.com\/category\/caribe\/cuba\/\" target=\"_blank\" rel=\"noopener\">Cuba<\/a>\u00a0<\/em>recibi\u00f3 este domingo por la noche dos aviones cargados con ayuda humanitaria proveniente de Rusia, seg\u00fan los medios estatales cubanos.<\/p>\n<p>Los aviones transportaban 88 toneladas de ayuda humanitaria, incluyendo aceite vegetal, carne enlatada, harina de trigo y otros alimentos, as\u00ed como equipos de protecci\u00f3n personal y m\u00e1s de un mill\u00f3n de mascarillas, informaron los medios estatales.<\/p>\n<p>El Ministerio de Defensa de Rusia emiti\u00f3 el s\u00e1bado un comunicado en el cual dec\u00eda que \u00aben nombre del Comandante Supremo en Jefe de las Fuerzas Armadas de la Federaci\u00f3n de Rusia, Vladimir Putin, aviones de transporte militar est\u00e1n entregando ayuda humanitaria a la Rep\u00fablica de Cuba\u00bb.<\/p>\n<p>Esta entrega de ayuda se produce d\u00edas despu\u00e9s de que Estados Unidos a<a href=\"https:\/\/cnnespanol.cnn.com\/video\/biden-sanciones-cuba-ministro-activos-eeuu-dusa-vo-juan-carlos-lope\/\" target=\"_blank\" rel=\"noopener\">nunciara nuevas sanciones contra funcionarios cubanos.<\/a><\/p>\n<p>En una declaraci\u00f3n el jueves, el presidente Joe Biden anunci\u00f3 nuevas sanciones contra elementos del gobierno cubano que, seg\u00fan dijo, son responsables de \u00abdetenciones masivas y juicios falsos que est\u00e1n condenando injustamente a prisi\u00f3n a quienes se atrevieron a hablar, en un esfuerzo por intimidar y amenazar al pueblo cubano para que guarde silencio\u00bb.<\/p>\n<p>Seg\u00fan inform\u00f3 el 20 de julio el director de la divisi\u00f3n de Am\u00e9rica de Human Rights Watch, Jos\u00e9 Miguel Vivanco, las autoridades cubanas detuvieron a m\u00e1s de 500 personas tras\u00a0<a href=\"https:\/\/cnnespanol.cnn.com\/2021\/07\/15\/que-esta-pasando-en-cuba-protestas-crisis-orix\/\" target=\"_blank\" rel=\"noopener\">las protestas antigubernamentales del 11 de julio<\/a>\u00a0en todo el pa\u00eds.<\/p>\n<p>Durante la Guerra Fr\u00eda, la desaparecida Uni\u00f3n Sovi\u00e9tica suministr\u00f3 a Cuba alimentos vitales, petr\u00f3leo y asistencia militar.<\/p>\n<p>&nbsp;<\/p>\n<p>Fuente: CNN<\/p>\n","protected":false},"excerpt":{"rendered":"<p>(CNN) \u2013\u00a0 \u00a0 Cuba\u00a0recibi\u00f3 este domingo por la noche dos <a href=\"https:\/\/sertv.gob.pa\/nacionalfm\/cuba-recibe-ayuda-humanitaria-de-rusia-tras-las-nuevas-sanciones-de-estados-unidos\/\"> [&#8230;]<\/a><\/p>\n","protected":false},"author":9,"featured_media":71844,"comment_status":"closed","ping_status":"closed","sticky":false,"template":"","format":"standard","meta":{"footnotes":""},"categories":[3],"tags":[],"class_list":["post-71843","post","type-post","status-publish","format-standard","has-post-thumbnail","hentry","category-internacionales"],"_links":{"self":[{"href":"https:\/\/sertv.gob.pa\/nacionalfm\/wp-json\/wp\/v2\/posts\/71843","targetHints":{"allow":["GET"]}}],"collection":[{"href":"https:\/\/sertv.gob.pa\/nacionalfm\/wp-json\/wp\/v2\/posts"}],"about":[{"href":"https:\/\/sertv.gob.pa\/nacionalfm\/wp-json\/wp\/v2\/types\/post"}],"author":[{"embeddable":true,"href":"https:\/\/sertv.gob.pa\/nacionalfm\/wp-json\/wp\/v2\/users\/9"}],"replies":[{"embeddable":true,"href":"https:\/\/sertv.gob.pa\/nacionalfm\/wp-json\/wp\/v2\/comments?post=71843"}],"version-history":[{"count":1,"href":"https:\/\/sertv.gob.pa\/nacionalfm\/wp-json\/wp\/v2\/posts\/71843\/revisions"}],"predecessor-version":[{"id":71845,"href":"https:\/\/sertv.gob.pa\/nacionalfm\/wp-json\/wp\/v2\/posts\/71843\/revisions\/71845"}],"wp:featuredmedia":[{"embeddable":true,"href":"https:\/\/sertv.gob.pa\/nacionalfm\/wp-json\/wp\/v2\/media\/71844"}],"wp:attachment":[{"href":"https:\/\/sertv.gob.pa\/nacionalfm\/wp-json\/wp\/v2\/media?parent=71843"}],"wp:term":[{"taxonomy":"category","embeddable":true,"href":"https:\/\/sertv.gob.pa\/nacionalfm\/wp-json\/wp\/v2\/categories?post=71843"},{"taxonomy":"post_tag","embeddable":true,"href":"https:\/\/sertv.gob.pa\/nacionalfm\/wp-json\/wp\/v2\/tags?post=71843"}],"curies":[{"name":"wp","href":"https:\/\/api.w.org\/{rel}","templated":true}]}}