{"id":71846,"date":"2021-07-26T17:36:41","date_gmt":"2021-07-26T17:36:41","guid":{"rendered":"https:\/\/sertv.gob.pa\/nacionalfm\/?p=71846"},"modified":"2021-07-26T17:36:41","modified_gmt":"2021-07-26T17:36:41","slug":"sismo-de-magnitud-62-sacude-la-costa-de-indonesia","status":"publish","type":"post","link":"https:\/\/sertv.gob.pa\/nacionalfm\/sismo-de-magnitud-62-sacude-la-costa-de-indonesia\/","title":{"rendered":"Sismo de magnitud 6,2 sacude la costa de Indonesia"},"content":{"rendered":"<p><strong><em>\u00a0(CNN) \u2013<\/em><\/strong><em>\u00a0<\/em><\/p>\n<p><em>\u00a0<\/em><\/p>\n<p>Un sismo de magnitud 6,2 sacudi\u00f3 la costa de Indonesia, seg\u00fan el Servicio Geol\u00f3gico de EE.UU. (USGS, por sus siglas en ingl\u00e9s).<\/p>\n<p>El sismo se produjo en la costa de la isla Sulawesi a las 8: 09aET del lunes.<\/p>\n<p>&nbsp;<\/p>\n<p>Fuente: CNN<\/p>\n","protected":false},"excerpt":{"rendered":"<p>\u00a0(CNN) \u2013\u00a0 \u00a0 Un sismo de magnitud 6,2 sacudi\u00f3 la <a href=\"https:\/\/sertv.gob.pa\/nacionalfm\/sismo-de-magnitud-62-sacude-la-costa-de-indonesia\/\"> [&#8230;]<\/a><\/p>\n","protected":false},"author":9,"featured_media":71847,"comment_status":"closed","ping_status":"closed","sticky":false,"template":"","format":"standard","meta":{"footnotes":""},"categories":[3],"tags":[],"class_list":["post-71846","post","type-post","status-publish","format-standard","has-post-thumbnail","hentry","category-internacionales"],"_links":{"self":[{"href":"https:\/\/sertv.gob.pa\/nacionalfm\/wp-json\/wp\/v2\/posts\/71846","targetHints":{"allow":["GET"]}}],"collection":[{"href":"https:\/\/sertv.gob.pa\/nacionalfm\/wp-json\/wp\/v2\/posts"}],"about":[{"href":"https:\/\/sertv.gob.pa\/nacionalfm\/wp-json\/wp\/v2\/types\/post"}],"author":[{"embeddable":true,"href":"https:\/\/sertv.gob.pa\/nacionalfm\/wp-json\/wp\/v2\/users\/9"}],"replies":[{"embeddable":true,"href":"https:\/\/sertv.gob.pa\/nacionalfm\/wp-json\/wp\/v2\/comments?post=71846"}],"version-history":[{"count":2,"href":"https:\/\/sertv.gob.pa\/nacionalfm\/wp-json\/wp\/v2\/posts\/71846\/revisions"}],"predecessor-version":[{"id":71849,"href":"https:\/\/sertv.gob.pa\/nacionalfm\/wp-json\/wp\/v2\/posts\/71846\/revisions\/71849"}],"wp:featuredmedia":[{"embeddable":true,"href":"https:\/\/sertv.gob.pa\/nacionalfm\/wp-json\/wp\/v2\/media\/71847"}],"wp:attachment":[{"href":"https:\/\/sertv.gob.pa\/nacionalfm\/wp-json\/wp\/v2\/media?parent=71846"}],"wp:term":[{"taxonomy":"category","embeddable":true,"href":"https:\/\/sertv.gob.pa\/nacionalfm\/wp-json\/wp\/v2\/categories?post=71846"},{"taxonomy":"post_tag","embeddable":true,"href":"https:\/\/sertv.gob.pa\/nacionalfm\/wp-json\/wp\/v2\/tags?post=71846"}],"curies":[{"name":"wp","href":"https:\/\/api.w.org\/{rel}","templated":true}]}}