{"id":71897,"date":"2021-07-27T17:44:25","date_gmt":"2021-07-27T17:44:25","guid":{"rendered":"https:\/\/sertv.gob.pa\/nacionalfm\/?p=71897"},"modified":"2021-07-27T17:44:25","modified_gmt":"2021-07-27T17:44:25","slug":"policia-nacional-de-nicaragua-detiene-al-promotor-de-la-reforma-electoral","status":"publish","type":"post","link":"https:\/\/sertv.gob.pa\/nacionalfm\/policia-nacional-de-nicaragua-detiene-al-promotor-de-la-reforma-electoral\/","title":{"rendered":"Polic\u00eda Nacional de Nicaragua detiene al promotor de la reforma electoral"},"content":{"rendered":"<p><strong><em>\u00a0<\/em><\/strong><\/p>\n<p><strong><em>(CNN Espa\u00f1ol) \u2013<\/em><\/strong><em>\u00a0<\/em><\/p>\n<p>&nbsp;<\/p>\n<p>La Polic\u00eda Nacional de\u00a0<a href=\"https:\/\/cnnespanol.cnn.com\/category\/centroamerica\/nicaragua\/\" target=\"_blank\" rel=\"noopener\">Nicaragua<\/a>\u00a0inform\u00f3 este lunes, a trav\u00e9s de un comunicado -sin precisar lugar ni circunstancias- que detuvo al opositor Jos\u00e9 Antonio Peraza Collado, quien seg\u00fan la instituci\u00f3n se encuentra bajo investigaci\u00f3n de conformidad con la Ley 1055, la \u00abley de defensa de los derechos del pueblo a la independencia, la soberan\u00eda y la autodeterminaci\u00f3n para la paz\u00bb.<\/p>\n<p>De acuerdo con el comunicado policial, Peraza Collado, qui\u00e9n es polit\u00f3logo y miembro del independiente grupo promotor de reformas electorales, est\u00e1 siendo investigado por supuestos \u201cactos que menoscaban la independencia, la soberan\u00eda y la autodeterminaci\u00f3n e incitar a la injerencia extranjera en asuntos internos del pa\u00eds, pedir intervenciones militares, organizarse con financiamiento de potencias extranjeras para ejecutar actos de terrorismo y desestabilizaci\u00f3n, proponer y gestionar bloqueos econ\u00f3micos, comerciales y de operaciones financieras en contra del pa\u00eds y sus instituciones, demandar, exaltar y aplaudir la imposici\u00f3n de sanciones contra el Estado de Nicaragua y sus ciudadanos, y lesionar los intereses supremos de la naci\u00f3n\u00bb.<\/p>\n<p>Peraza Collado comparec\u00eda con frecuencia como analista pol\u00edtico y electoral en medios independientes. Este lunes, particip\u00f3 como invitado en Canal 10 de Nicaragua donde coment\u00f3 sobre el proceso de verificaci\u00f3n ciudadana, en el que, seg\u00fan dijo, a pesar de la buena concurrencia se report\u00f3 presencia de paramilitares, cambio de direcci\u00f3n de juntas receptoras de voto de los ciudadanos y control del partido de gobierno en los centros de verificaci\u00f3n.<\/p>\n<p>Peraza Collado, quien fue directivo del Movimiento por Nicaragua,<a href=\"https:\/\/cnnespanol.cnn.com\/2021\/07\/24\/policia-nacional-de-nicaragua-detiene-a-septimo-precandidato-presidencial-por-investigacion-de-supuestos-actos-contra-la-soberania\/\" target=\"_blank\" rel=\"noopener\">\u00a0se suma a un total de 28 opositores<\/a>\u00a0que permanecen detenidos por la Polic\u00eda. Entre ellos,\u00a0<a href=\"https:\/\/cnnespanol.cnn.com\/2021\/06\/17\/que-esta-pasando-nicaragua-orix\/\" target=\"_blank\" rel=\"noopener\">7 precandidatos presidenciales,<\/a>\u00a0detenidos entre el 28 de mayo y el 26 de julio, a menos de 4 meses de las elecciones previstas para noviembre pr\u00f3ximo. Del total, 25 son investigados bajo la Ley 1055, por supuestas acciones contra la soberan\u00eda nacional, mientras que otros tres est\u00e1n vinculados al supuesto lavado de dinero de la Fundaci\u00f3n Violeta Barrios. Los familiares y abogados particulares de los investigados rechazan los cargos y, hasta el momento, dicen no haber podido leer el expediente de sus casos.<\/p>\n<p>&nbsp;<\/p>\n<p>Fuente: CNN<\/p>\n","protected":false},"excerpt":{"rendered":"<p>\u00a0 (CNN Espa\u00f1ol) \u2013\u00a0 &nbsp; La Polic\u00eda Nacional de\u00a0Nicaragua\u00a0inform\u00f3 este <a href=\"https:\/\/sertv.gob.pa\/nacionalfm\/policia-nacional-de-nicaragua-detiene-al-promotor-de-la-reforma-electoral\/\"> [&#8230;]<\/a><\/p>\n","protected":false},"author":9,"featured_media":71898,"comment_status":"closed","ping_status":"closed","sticky":false,"template":"","format":"standard","meta":{"footnotes":""},"categories":[3],"tags":[],"class_list":["post-71897","post","type-post","status-publish","format-standard","has-post-thumbnail","hentry","category-internacionales"],"_links":{"self":[{"href":"https:\/\/sertv.gob.pa\/nacionalfm\/wp-json\/wp\/v2\/posts\/71897","targetHints":{"allow":["GET"]}}],"collection":[{"href":"https:\/\/sertv.gob.pa\/nacionalfm\/wp-json\/wp\/v2\/posts"}],"about":[{"href":"https:\/\/sertv.gob.pa\/nacionalfm\/wp-json\/wp\/v2\/types\/post"}],"author":[{"embeddable":true,"href":"https:\/\/sertv.gob.pa\/nacionalfm\/wp-json\/wp\/v2\/users\/9"}],"replies":[{"embeddable":true,"href":"https:\/\/sertv.gob.pa\/nacionalfm\/wp-json\/wp\/v2\/comments?post=71897"}],"version-history":[{"count":1,"href":"https:\/\/sertv.gob.pa\/nacionalfm\/wp-json\/wp\/v2\/posts\/71897\/revisions"}],"predecessor-version":[{"id":71899,"href":"https:\/\/sertv.gob.pa\/nacionalfm\/wp-json\/wp\/v2\/posts\/71897\/revisions\/71899"}],"wp:featuredmedia":[{"embeddable":true,"href":"https:\/\/sertv.gob.pa\/nacionalfm\/wp-json\/wp\/v2\/media\/71898"}],"wp:attachment":[{"href":"https:\/\/sertv.gob.pa\/nacionalfm\/wp-json\/wp\/v2\/media?parent=71897"}],"wp:term":[{"taxonomy":"category","embeddable":true,"href":"https:\/\/sertv.gob.pa\/nacionalfm\/wp-json\/wp\/v2\/categories?post=71897"},{"taxonomy":"post_tag","embeddable":true,"href":"https:\/\/sertv.gob.pa\/nacionalfm\/wp-json\/wp\/v2\/tags?post=71897"}],"curies":[{"name":"wp","href":"https:\/\/api.w.org\/{rel}","templated":true}]}}