{"id":72060,"date":"2021-07-30T17:10:54","date_gmt":"2021-07-30T17:10:54","guid":{"rendered":"https:\/\/sertv.gob.pa\/nacionalfm\/?p=72060"},"modified":"2021-07-30T17:10:54","modified_gmt":"2021-07-30T17:10:54","slug":"la-viuda-del-presidente-de-haiti-no-descarta-presentarse-a-las-elecciones-tras-el-magnicidio-de-moise","status":"publish","type":"post","link":"https:\/\/sertv.gob.pa\/nacionalfm\/la-viuda-del-presidente-de-haiti-no-descarta-presentarse-a-las-elecciones-tras-el-magnicidio-de-moise\/","title":{"rendered":"La viuda del presidente de Hait\u00ed no descarta presentarse a las elecciones tras el magnicidio de Moise"},"content":{"rendered":"<p><strong><em>MADRID, (EUROPA PRESS) \u2013<\/em><\/strong><\/p>\n<p>&nbsp;<\/p>\n<p>La que fuera primera dama de Hait\u00ed, Martine Etthiene, no ha descartado este viernes presentarse a las pr\u00f3ximas elecciones tras el magnicidio del presidente, Jovenel Moise, en un ataque en el que ella tambi\u00e9n result\u00f3 herida.<\/p>\n<p>En una entrevista concedida al diario &#8216;The New York Times&#8217;, ha admitido estar consider\u00e1ndolo \u00abseriamente\u00bb con la vista puesta en \u00abdefender el desarrollo\u00bb impulsado por su difunto marido y exmandatario.<\/p>\n<p>\u00abEl presidente Jovenel, tuvo una visi\u00f3n y los haitianos no vamos a dejar que muera\u00bb, ha dicho en un intento por demostrar que a pesar del asalto a su vivienda \u00abno tiene miedo\u00bb. La viuda de Moise, tiene a\u00fan que someterse a varias operaciones, especialmente debido a las heridas sufridas en un brazo.<\/p>\n<p>En este sentido, ha recalcado que espera \u00abque los responsables sean atrapados\u00bb dado que de otra forma \u00abpodr\u00edan volver a hacerlo\u00bb y ha recordado la noche en que Moise fue asesinado. \u00abLo \u00fanico que pude ver antes de que lo mataran fueron las botas que llevaban\u00bb, ha aseverado.<\/p>\n<p>\u00abDespu\u00e9s cerr\u00e9 los ojos y no vi nada m\u00e1s\u00bb, ha relatado antes de matizar que los atacantes \u00abrebuscaron de forma met\u00f3dica entre los archivos\u00bb y trataron de verificar con una linterna si ella tambi\u00e9n estaba muerta.<\/p>\n<p>Asimismo, ha recordado que crey\u00f3 que se asfixiaba \u00abporque ten\u00eda la boca llena de sangre y no pod\u00eda respirar\u00bb. \u00abPens\u00e9 que todo el mundo estaba muerto porque si el presidente lo estaba, todo el mundo lo pod\u00eda estar tambi\u00e9n\u00bb.<\/p>\n<p>La Polic\u00eda haitiana ha detenido por el momento a decenas de personas, entre ellas 18 colombianos y varios ciudadanos haitianos, si bien las investigaciones siguen adelante. Los agentes han indicado que las pesquisas apuntan a Christian Emmanuel Sanon, un hombre de 63 a\u00f1os que habr\u00e1 conspirado para contratar a los mercenarios colombianos con el objetivo de hacerse con el poder.<\/p>\n<p>&nbsp;<\/p>\n<p>Fuente: EUROPA PRESS<\/p>\n","protected":false},"excerpt":{"rendered":"<p>MADRID, (EUROPA PRESS) \u2013 &nbsp; La que fuera primera dama <a href=\"https:\/\/sertv.gob.pa\/nacionalfm\/la-viuda-del-presidente-de-haiti-no-descarta-presentarse-a-las-elecciones-tras-el-magnicidio-de-moise\/\"> [&#8230;]<\/a><\/p>\n","protected":false},"author":9,"featured_media":72061,"comment_status":"closed","ping_status":"closed","sticky":false,"template":"","format":"standard","meta":{"footnotes":""},"categories":[3],"tags":[],"class_list":["post-72060","post","type-post","status-publish","format-standard","has-post-thumbnail","hentry","category-internacionales"],"_links":{"self":[{"href":"https:\/\/sertv.gob.pa\/nacionalfm\/wp-json\/wp\/v2\/posts\/72060","targetHints":{"allow":["GET"]}}],"collection":[{"href":"https:\/\/sertv.gob.pa\/nacionalfm\/wp-json\/wp\/v2\/posts"}],"about":[{"href":"https:\/\/sertv.gob.pa\/nacionalfm\/wp-json\/wp\/v2\/types\/post"}],"author":[{"embeddable":true,"href":"https:\/\/sertv.gob.pa\/nacionalfm\/wp-json\/wp\/v2\/users\/9"}],"replies":[{"embeddable":true,"href":"https:\/\/sertv.gob.pa\/nacionalfm\/wp-json\/wp\/v2\/comments?post=72060"}],"version-history":[{"count":1,"href":"https:\/\/sertv.gob.pa\/nacionalfm\/wp-json\/wp\/v2\/posts\/72060\/revisions"}],"predecessor-version":[{"id":72062,"href":"https:\/\/sertv.gob.pa\/nacionalfm\/wp-json\/wp\/v2\/posts\/72060\/revisions\/72062"}],"wp:featuredmedia":[{"embeddable":true,"href":"https:\/\/sertv.gob.pa\/nacionalfm\/wp-json\/wp\/v2\/media\/72061"}],"wp:attachment":[{"href":"https:\/\/sertv.gob.pa\/nacionalfm\/wp-json\/wp\/v2\/media?parent=72060"}],"wp:term":[{"taxonomy":"category","embeddable":true,"href":"https:\/\/sertv.gob.pa\/nacionalfm\/wp-json\/wp\/v2\/categories?post=72060"},{"taxonomy":"post_tag","embeddable":true,"href":"https:\/\/sertv.gob.pa\/nacionalfm\/wp-json\/wp\/v2\/tags?post=72060"}],"curies":[{"name":"wp","href":"https:\/\/api.w.org\/{rel}","templated":true}]}}