{"id":72063,"date":"2021-07-30T17:30:03","date_gmt":"2021-07-30T17:30:03","guid":{"rendered":"https:\/\/sertv.gob.pa\/nacionalfm\/?p=72063"},"modified":"2021-07-30T17:30:03","modified_gmt":"2021-07-30T17:30:03","slug":"kenia-amplia-el-toque-de-queda-y-prohibe-las-reuniones-ante-el-aumento-de-los-contagios-de-covid-19","status":"publish","type":"post","link":"https:\/\/sertv.gob.pa\/nacionalfm\/kenia-amplia-el-toque-de-queda-y-prohibe-las-reuniones-ante-el-aumento-de-los-contagios-de-covid-19\/","title":{"rendered":"Kenia ampl\u00eda el toque de queda y proh\u00edbe las reuniones ante el aumento de los contagios de COVID-19"},"content":{"rendered":"<p><strong><em>MADRID, (EUROPA PRESS) &#8211;<\/em><\/strong><\/p>\n<p>El Gobierno de Kenia ha ampliado este viernes el toque de queda y ha prohibido las reuniones ante el aumento de los casos de coronavirus debido a la presencia de la variante delta.<\/p>\n<p>La restricci\u00f3n del movimiento seguir\u00e1 vigente entre las 22.00 y las 4.00 en todo el pa\u00eds, tal y como ha confirmado el ministro de Sanidad, Mutahi Kagwe, que ha matizado que los lugares religiosos tendr\u00e1n que operar a un tercio de su capacidad y mantener las medidas de distanciamiento social.<\/p>\n<p>Asimismo, ha instado a los restaurantes y bares a adherirse a las directrices del Ministerio de Sanidad para mitigar el avance del virus y ha pedido a las empresas que permitan a sus empleados trabajar desde casa en la medida de lo posible.<\/p>\n<p>\u00abTodas las reuniones p\u00fablicas y en persona, de la naturaleza que sea, est\u00e1n suspendidas a nivel nacional. Los encuentros intergubernamentales y las conferencias tendr\u00e1n que posponerse o realizarse de forma virtual durante el pr\u00f3ximo mes\u00bb, ha aseverado, seg\u00fan informaciones de la agencia Bloomberg.<\/p>\n<p>Kenia, con una poblaci\u00f3n de unos 53 millones de personas, ha constatado m\u00e1s de 200.000 casos de coronavirus y 3.910 fallecidos, tal y como indican los datos del Gobierno. La ONG Human Rights Watch (HRW) ha alertado de que la \u00abpandemia ha devastado numerosos hogares\u00bb.<\/p>\n<p>El Gobierno tiene previsto aumentar los suministros de ox\u00edgeno mediante el establecimiento de nuevas plantas en la mayor\u00eda de condados antes de que finalice agosto.<\/p>\n<p>&nbsp;<\/p>\n<p>Fuente: EUROPA PRESS<\/p>\n","protected":false},"excerpt":{"rendered":"<p>MADRID, (EUROPA PRESS) &#8211; El Gobierno de Kenia ha ampliado <a href=\"https:\/\/sertv.gob.pa\/nacionalfm\/kenia-amplia-el-toque-de-queda-y-prohibe-las-reuniones-ante-el-aumento-de-los-contagios-de-covid-19\/\"> [&#8230;]<\/a><\/p>\n","protected":false},"author":9,"featured_media":72064,"comment_status":"closed","ping_status":"closed","sticky":false,"template":"","format":"standard","meta":{"footnotes":""},"categories":[3],"tags":[],"class_list":["post-72063","post","type-post","status-publish","format-standard","has-post-thumbnail","hentry","category-internacionales"],"_links":{"self":[{"href":"https:\/\/sertv.gob.pa\/nacionalfm\/wp-json\/wp\/v2\/posts\/72063","targetHints":{"allow":["GET"]}}],"collection":[{"href":"https:\/\/sertv.gob.pa\/nacionalfm\/wp-json\/wp\/v2\/posts"}],"about":[{"href":"https:\/\/sertv.gob.pa\/nacionalfm\/wp-json\/wp\/v2\/types\/post"}],"author":[{"embeddable":true,"href":"https:\/\/sertv.gob.pa\/nacionalfm\/wp-json\/wp\/v2\/users\/9"}],"replies":[{"embeddable":true,"href":"https:\/\/sertv.gob.pa\/nacionalfm\/wp-json\/wp\/v2\/comments?post=72063"}],"version-history":[{"count":1,"href":"https:\/\/sertv.gob.pa\/nacionalfm\/wp-json\/wp\/v2\/posts\/72063\/revisions"}],"predecessor-version":[{"id":72065,"href":"https:\/\/sertv.gob.pa\/nacionalfm\/wp-json\/wp\/v2\/posts\/72063\/revisions\/72065"}],"wp:featuredmedia":[{"embeddable":true,"href":"https:\/\/sertv.gob.pa\/nacionalfm\/wp-json\/wp\/v2\/media\/72064"}],"wp:attachment":[{"href":"https:\/\/sertv.gob.pa\/nacionalfm\/wp-json\/wp\/v2\/media?parent=72063"}],"wp:term":[{"taxonomy":"category","embeddable":true,"href":"https:\/\/sertv.gob.pa\/nacionalfm\/wp-json\/wp\/v2\/categories?post=72063"},{"taxonomy":"post_tag","embeddable":true,"href":"https:\/\/sertv.gob.pa\/nacionalfm\/wp-json\/wp\/v2\/tags?post=72063"}],"curies":[{"name":"wp","href":"https:\/\/api.w.org\/{rel}","templated":true}]}}