{"id":72066,"date":"2021-07-30T17:45:07","date_gmt":"2021-07-30T17:45:07","guid":{"rendered":"https:\/\/sertv.gob.pa\/nacionalfm\/?p=72066"},"modified":"2021-07-30T17:45:07","modified_gmt":"2021-07-30T17:45:07","slug":"bukele-convoca-a-los-representantes-de-varias-ong-para-abordar-la-democracia-y-la-transparencia","status":"publish","type":"post","link":"https:\/\/sertv.gob.pa\/nacionalfm\/bukele-convoca-a-los-representantes-de-varias-ong-para-abordar-la-democracia-y-la-transparencia\/","title":{"rendered":"Bukele convoca a los representantes de varias ONG para abordar la \u00abdemocracia y la transparencia\u00bb"},"content":{"rendered":"<p><strong><em>MADRID, (EUROPA PRESS) &#8211;<\/em><\/strong><\/p>\n<p>El presidente salvadore\u00f1o, Nayib Bukele, ha convocado este viernes a los representantes de las principales ONG y asociaciones de la sociedad civil para abordar la situaci\u00f3n de la \u00abdemocracia y la transparencia\u00bb en el pa\u00eds.<\/p>\n<p>La reuni\u00f3n tendr\u00e1 lugar por la tarde en la Casa Presidencial a puerta cerrada y a ella acudir\u00e1n organizaciones que abogan por la defensa del Estado de Derecho y la lucha contra la corrupci\u00f3n, seg\u00fan informaciones del diario &#8216;La Prensa Gr\u00e1fica&#8217;.<\/p>\n<p>La organizaci\u00f3n Acci\u00f3n Ciudadana ha indicado en su cuenta de Twitter que espera que sea una \u00abreuni\u00f3n productiva y que desde el Ejecutivo se escuche la postura sobre los temas de democracia y transparencia\u00bb.<\/p>\n<p>Por su parte, el Centro de Asesor\u00eda Legal Anticorrupci\u00f3n (ALAC) ha publicado la convocatoria y ha manifestado desconocer la agenda y el contexto exacto del encuentro. Sin embargo, la reuni\u00f3n se produce ahora que el Parlamento se encuentra investigando el reparto de fondos p\u00fablicos a las ONG ligadas a los diputados opositores.<\/p>\n<p>Bukele, adem\u00e1s, ha llegado a sugerir que estas organizaciones forman parte de grupos de \u00abfachada\u00bb vinculados a partidos de la oposici\u00f3n.<\/p>\n<p>&nbsp;<\/p>\n<p>Fuente: EUROPA PRESS<\/p>\n","protected":false},"excerpt":{"rendered":"<p>MADRID, (EUROPA PRESS) &#8211; El presidente salvadore\u00f1o, Nayib Bukele, ha <a href=\"https:\/\/sertv.gob.pa\/nacionalfm\/bukele-convoca-a-los-representantes-de-varias-ong-para-abordar-la-democracia-y-la-transparencia\/\"> [&#8230;]<\/a><\/p>\n","protected":false},"author":9,"featured_media":72067,"comment_status":"closed","ping_status":"closed","sticky":false,"template":"","format":"standard","meta":{"footnotes":""},"categories":[3],"tags":[],"class_list":["post-72066","post","type-post","status-publish","format-standard","has-post-thumbnail","hentry","category-internacionales"],"_links":{"self":[{"href":"https:\/\/sertv.gob.pa\/nacionalfm\/wp-json\/wp\/v2\/posts\/72066","targetHints":{"allow":["GET"]}}],"collection":[{"href":"https:\/\/sertv.gob.pa\/nacionalfm\/wp-json\/wp\/v2\/posts"}],"about":[{"href":"https:\/\/sertv.gob.pa\/nacionalfm\/wp-json\/wp\/v2\/types\/post"}],"author":[{"embeddable":true,"href":"https:\/\/sertv.gob.pa\/nacionalfm\/wp-json\/wp\/v2\/users\/9"}],"replies":[{"embeddable":true,"href":"https:\/\/sertv.gob.pa\/nacionalfm\/wp-json\/wp\/v2\/comments?post=72066"}],"version-history":[{"count":1,"href":"https:\/\/sertv.gob.pa\/nacionalfm\/wp-json\/wp\/v2\/posts\/72066\/revisions"}],"predecessor-version":[{"id":72068,"href":"https:\/\/sertv.gob.pa\/nacionalfm\/wp-json\/wp\/v2\/posts\/72066\/revisions\/72068"}],"wp:featuredmedia":[{"embeddable":true,"href":"https:\/\/sertv.gob.pa\/nacionalfm\/wp-json\/wp\/v2\/media\/72067"}],"wp:attachment":[{"href":"https:\/\/sertv.gob.pa\/nacionalfm\/wp-json\/wp\/v2\/media?parent=72066"}],"wp:term":[{"taxonomy":"category","embeddable":true,"href":"https:\/\/sertv.gob.pa\/nacionalfm\/wp-json\/wp\/v2\/categories?post=72066"},{"taxonomy":"post_tag","embeddable":true,"href":"https:\/\/sertv.gob.pa\/nacionalfm\/wp-json\/wp\/v2\/tags?post=72066"}],"curies":[{"name":"wp","href":"https:\/\/api.w.org\/{rel}","templated":true}]}}