{"id":72122,"date":"2021-08-02T17:51:48","date_gmt":"2021-08-02T17:51:48","guid":{"rendered":"https:\/\/sertv.gob.pa\/nacionalfm\/?p=72122"},"modified":"2021-08-02T17:51:48","modified_gmt":"2021-08-02T17:51:48","slug":"msf-cierra-de-forma-definitiva-un-centro-medico-cerca-de-la-capital-de-haiti-ante-el-aumento-de-la-violencia","status":"publish","type":"post","link":"https:\/\/sertv.gob.pa\/nacionalfm\/msf-cierra-de-forma-definitiva-un-centro-medico-cerca-de-la-capital-de-haiti-ante-el-aumento-de-la-violencia\/","title":{"rendered":"MSF cierra de forma definitiva un centro m\u00e9dico cerca de la capital de Hait\u00ed ante el aumento de la violencia"},"content":{"rendered":"<p><strong><em>MADRID, (EUROPA PRESS) &#8211;<\/em><\/strong><\/p>\n<p>La organizaci\u00f3n M\u00e9dicos sin Fronteras (MFS) en Hait\u00ed ha anunciado este lunes el cierre definitivo de su centro de salud en el barrio de Martissant, en el sur de Puerto Pr\u00edncipe, dos meses despu\u00e9s del inicio de los enfrentamientos entre diferentes pandillas por el control de la zona.<\/p>\n<p>\u00abMSF sigue albergando la esperanza de volver a Martissant, ya que en 2021 se cumplen 30 a\u00f1os de presencia ininterrumpida en Hait\u00ed y el centro de emergencias encierra la mitad de esa historia\u00bb, ha se\u00f1alado la organizaci\u00f3n en un comunicado.<\/p>\n<p>El centro de Martissant se remonta a hace quince a\u00f1os, y all\u00ed la organizaci\u00f3n atiende a una poblaci\u00f3n de m\u00e1s de 300.000 personas. La atenci\u00f3n prestada inclu\u00eda hasta ahora urgencias traumatol\u00f3gicas, ginecol\u00f3gicas y obst\u00e9tricas, principalmente, tal y como ha detallado la ONG.<\/p>\n<p>Sin embargo, a inicios de junio comenz\u00f3 una guerra abierta entre las pandillas, lo que ha llevado a unas 10.000 personas a abandonar la zona y ha provocado la interrupci\u00f3n del tr\u00e1fico en la ruta nacional 2, que une Puerto Pr\u00edncipe con otros cuatro departamentos.<\/p>\n<p>A finales de dicho mes las instalaciones de la organizaci\u00f3n sufrieron un ataque armado, si bien no se registraron heridos. Sin embargo, se vio forzada a cerrar temporalmente uno de los hospitales en la zona.<\/p>\n<p>El incidente se produjo cuando varios miembros de una pandilla abrieron fuego contra un centro en el barrio de Martissant. La directora de la misi\u00f3n de MSF en el pa\u00eds, Alessandra Giudiceandrea, alert\u00f3 entonces de que \u00abclaramente el objetivo era el hospital\u00bb.<\/p>\n<p>A pesar de que nadie muri\u00f3 ni result\u00f3 herido, la organizaci\u00f3n se\u00f1al\u00f3 que \u00abno pod\u00eda continuar tratando a la poblaci\u00f3n en la zona si eso pon\u00eda en peligro a los trabajadores\u00bb. En mayo, un trabajador de la ONG fue asesinado a tiros cuando estaba de camino a casa desde el trabajo, a pesar de que no se resisti\u00f3 a los atacantes.<\/p>\n<p>Ahora, la organizaci\u00f3n ha alertado de que la situaci\u00f3n de inseguridad contin\u00faa, lo que la lleva a cerrar las puertas del centro. \u00abSiempre decididos a seguir ayudando a la poblaci\u00f3n haitiana en general y a los m\u00e1s pobres en particular, MSF contin\u00faa las conversaciones para reubicar su centro de emergencia en el \u00e1rea metropolitana de Puerto Pr\u00edncipe\u00bb, recoge el texto.<\/p>\n<p>Se estima que unas 13.600 personas huyeron de sus viviendas en Puerto Pr\u00edncipe durante el mes de junio para huir de los enfrentamientos, seg\u00fan datos de Naciones Unidas. Para MSF, este aumento de la violencia forma parte del recrudecimiento de la crisis pol\u00edtica y econ\u00f3mica que atraviesa el pa\u00eds.<\/p>\n<p>&nbsp;<\/p>\n<p>Fuente: EUROPA PRESS<\/p>\n","protected":false},"excerpt":{"rendered":"<p>MADRID, (EUROPA PRESS) &#8211; La organizaci\u00f3n M\u00e9dicos sin Fronteras (MFS) <a href=\"https:\/\/sertv.gob.pa\/nacionalfm\/msf-cierra-de-forma-definitiva-un-centro-medico-cerca-de-la-capital-de-haiti-ante-el-aumento-de-la-violencia\/\"> [&#8230;]<\/a><\/p>\n","protected":false},"author":9,"featured_media":72123,"comment_status":"closed","ping_status":"closed","sticky":false,"template":"","format":"standard","meta":{"footnotes":""},"categories":[3],"tags":[],"class_list":["post-72122","post","type-post","status-publish","format-standard","has-post-thumbnail","hentry","category-internacionales"],"_links":{"self":[{"href":"https:\/\/sertv.gob.pa\/nacionalfm\/wp-json\/wp\/v2\/posts\/72122","targetHints":{"allow":["GET"]}}],"collection":[{"href":"https:\/\/sertv.gob.pa\/nacionalfm\/wp-json\/wp\/v2\/posts"}],"about":[{"href":"https:\/\/sertv.gob.pa\/nacionalfm\/wp-json\/wp\/v2\/types\/post"}],"author":[{"embeddable":true,"href":"https:\/\/sertv.gob.pa\/nacionalfm\/wp-json\/wp\/v2\/users\/9"}],"replies":[{"embeddable":true,"href":"https:\/\/sertv.gob.pa\/nacionalfm\/wp-json\/wp\/v2\/comments?post=72122"}],"version-history":[{"count":1,"href":"https:\/\/sertv.gob.pa\/nacionalfm\/wp-json\/wp\/v2\/posts\/72122\/revisions"}],"predecessor-version":[{"id":72124,"href":"https:\/\/sertv.gob.pa\/nacionalfm\/wp-json\/wp\/v2\/posts\/72122\/revisions\/72124"}],"wp:featuredmedia":[{"embeddable":true,"href":"https:\/\/sertv.gob.pa\/nacionalfm\/wp-json\/wp\/v2\/media\/72123"}],"wp:attachment":[{"href":"https:\/\/sertv.gob.pa\/nacionalfm\/wp-json\/wp\/v2\/media?parent=72122"}],"wp:term":[{"taxonomy":"category","embeddable":true,"href":"https:\/\/sertv.gob.pa\/nacionalfm\/wp-json\/wp\/v2\/categories?post=72122"},{"taxonomy":"post_tag","embeddable":true,"href":"https:\/\/sertv.gob.pa\/nacionalfm\/wp-json\/wp\/v2\/tags?post=72122"}],"curies":[{"name":"wp","href":"https:\/\/api.w.org\/{rel}","templated":true}]}}