{"id":72125,"date":"2021-08-02T18:36:16","date_gmt":"2021-08-02T18:36:16","guid":{"rendered":"https:\/\/sertv.gob.pa\/nacionalfm\/?p=72125"},"modified":"2021-08-02T18:36:16","modified_gmt":"2021-08-02T18:36:16","slug":"penas-16-anos-de-carcel-para-seis-militares-colombianos-que-violaron-a-una-nina-indigena-en-risaralda","status":"publish","type":"post","link":"https:\/\/sertv.gob.pa\/nacionalfm\/penas-16-anos-de-carcel-para-seis-militares-colombianos-que-violaron-a-una-nina-indigena-en-risaralda\/","title":{"rendered":"Penas 16 a\u00f1os de c\u00e1rcel para seis militares colombianos que violaron a una ni\u00f1a ind\u00edgena en Risaralda"},"content":{"rendered":"<p><strong><em>MADRID, (EUROPA PRESS) &#8211;<\/em><\/strong><\/p>\n<p>&nbsp;<\/p>\n<p>La Justicia colombiana ha condenado a seis militares a una pena de 16 a\u00f1os de c\u00e1rcel y a otro m\u00e1s a 8 a\u00f1os por la violaci\u00f3n de una ni\u00f1a ind\u00edgena de la comunidad Embera en un municipio de Risaralda, en el oeste del pa\u00eds, en junio de 2020.<\/p>\n<p>Se trata de las penas m\u00e1s bajas para este tipo de delitos, que oscilan entre los 16 y los 30 a\u00f1os de prisi\u00f3n, tal y como se\u00f1ala la Fiscal\u00eda.<\/p>\n<p>Las condenas m\u00e1s altas de c\u00e1rcel han ido para seis de los siete implicados al ser considerados como coautores de la violaci\u00f3n de la menor de 12 a\u00f1os, que tuvo lugar el 21 de junio de 2020 en el municipio de Pueblo Rico. El otro condenado cumplir\u00e1 ocho a\u00f1os entre rejas al ser hallado c\u00f3mplice de este crimen.<\/p>\n<p>Los seis violadores y el c\u00f3mplice formaban parte del Batall\u00f3n de Alta Monta\u00f1a en G\u00e9nova, en el departamento vecino de Quind\u00edo, y serv\u00edan de apoyo al Batall\u00f3n de Artiller\u00eda San Mateo de la ciudad de Pereira, ya en Risaralda, recuerda la emisora Caracol Radio.<\/p>\n<p>De acuerdo con las investigaciones realizadas por los equipos de la Fiscal\u00eda General, se han encontrado m\u00e1s de 160 acciones que evidencian la participaci\u00f3n en la violaci\u00f3n de esta menor por parte de estas siete personas, quienes se encuentran privados de libertad desde junio del a\u00f1o pasado cuando fueron apresados.<\/p>\n<p>La violaci\u00f3n de esta peque\u00f1a provoc\u00f3 una ola de indignaci\u00f3n en todo el pa\u00eds, que durante las siguientes semanas fue conociendo m\u00e1s casos similares. D\u00edas despu\u00e9s, se hizo p\u00fablica una investigaci\u00f3n sobre la violaci\u00f3n de otra menor ind\u00edgena en Guaviare en 2019, que implicaba a ocho militares.<\/p>\n<p>El Ej\u00e9rcito se\u00f1al\u00f3 que desde 2016, cerca de 120 militares hab\u00edan sido expulsados por haber cometido este tipo de agresiones y abusos sexuales contra menores.<\/p>\n<p>&nbsp;<\/p>\n<p>Fuente: EUROPA PRESS<\/p>\n","protected":false},"excerpt":{"rendered":"<p>MADRID, (EUROPA PRESS) &#8211; &nbsp; La Justicia colombiana ha condenado <a href=\"https:\/\/sertv.gob.pa\/nacionalfm\/penas-16-anos-de-carcel-para-seis-militares-colombianos-que-violaron-a-una-nina-indigena-en-risaralda\/\"> [&#8230;]<\/a><\/p>\n","protected":false},"author":9,"featured_media":72126,"comment_status":"closed","ping_status":"closed","sticky":false,"template":"","format":"standard","meta":{"footnotes":""},"categories":[3],"tags":[],"class_list":["post-72125","post","type-post","status-publish","format-standard","has-post-thumbnail","hentry","category-internacionales"],"_links":{"self":[{"href":"https:\/\/sertv.gob.pa\/nacionalfm\/wp-json\/wp\/v2\/posts\/72125","targetHints":{"allow":["GET"]}}],"collection":[{"href":"https:\/\/sertv.gob.pa\/nacionalfm\/wp-json\/wp\/v2\/posts"}],"about":[{"href":"https:\/\/sertv.gob.pa\/nacionalfm\/wp-json\/wp\/v2\/types\/post"}],"author":[{"embeddable":true,"href":"https:\/\/sertv.gob.pa\/nacionalfm\/wp-json\/wp\/v2\/users\/9"}],"replies":[{"embeddable":true,"href":"https:\/\/sertv.gob.pa\/nacionalfm\/wp-json\/wp\/v2\/comments?post=72125"}],"version-history":[{"count":1,"href":"https:\/\/sertv.gob.pa\/nacionalfm\/wp-json\/wp\/v2\/posts\/72125\/revisions"}],"predecessor-version":[{"id":72127,"href":"https:\/\/sertv.gob.pa\/nacionalfm\/wp-json\/wp\/v2\/posts\/72125\/revisions\/72127"}],"wp:featuredmedia":[{"embeddable":true,"href":"https:\/\/sertv.gob.pa\/nacionalfm\/wp-json\/wp\/v2\/media\/72126"}],"wp:attachment":[{"href":"https:\/\/sertv.gob.pa\/nacionalfm\/wp-json\/wp\/v2\/media?parent=72125"}],"wp:term":[{"taxonomy":"category","embeddable":true,"href":"https:\/\/sertv.gob.pa\/nacionalfm\/wp-json\/wp\/v2\/categories?post=72125"},{"taxonomy":"post_tag","embeddable":true,"href":"https:\/\/sertv.gob.pa\/nacionalfm\/wp-json\/wp\/v2\/tags?post=72125"}],"curies":[{"name":"wp","href":"https:\/\/api.w.org\/{rel}","templated":true}]}}