{"id":72140,"date":"2021-08-02T19:35:44","date_gmt":"2021-08-02T19:35:44","guid":{"rendered":"https:\/\/sertv.gob.pa\/nacionalfm\/?p=72140"},"modified":"2021-08-02T19:35:44","modified_gmt":"2021-08-02T19:35:44","slug":"ascienden-a-mas-de-300-los-muertos-por-las-lluvias-torrenciales-y-las-inundaciones-en-la-provincia-de-henan","status":"publish","type":"post","link":"https:\/\/sertv.gob.pa\/nacionalfm\/ascienden-a-mas-de-300-los-muertos-por-las-lluvias-torrenciales-y-las-inundaciones-en-la-provincia-de-henan\/","title":{"rendered":"Ascienden a m\u00e1s de 300 los muertos por las lluvias torrenciales y las inundaciones en la provincia de Henan"},"content":{"rendered":"<p><strong>\u00a0<\/strong><strong><em>MADRID, (EUROPA PRESS) &#8211;<\/em><\/strong><\/p>\n<p>&nbsp;<\/p>\n<p>El balance de fallecidos a causa de las lluvias torrenciales y las inundaciones que han azotado durante los \u00faltimos d\u00edas la provincia china de Henan, situada en el centro del pa\u00eds, ha ascendido a m\u00e1s de 300, seg\u00fan las autoridades del gigante asi\u00e1tico.<\/p>\n<p>La oficina de informaci\u00f3n del gobierno provincial ha manifestado en rueda de prensa que la cifra de v\u00edctimas mortales ha ascendido a 302, si bien se teme que pueda seguir aumentando en las pr\u00f3ximas horas, tal y como ha recogido la agencia china de noticias Xinhua.<\/p>\n<p>Las lluvias comenzaron el pasado 17 de julio y han provocado graves da\u00f1os principalmente en la ciudad de Zhengzhou, donde se han registrado m\u00e1ximos hist\u00f3ricos de precipitaciones, que han provocado la evacuaci\u00f3n de m\u00e1s de 1,4 millones de personas.<\/p>\n<p>&nbsp;<\/p>\n<p>Fuente: EUROPA PRESS<\/p>\n","protected":false},"excerpt":{"rendered":"<p>\u00a0MADRID, (EUROPA PRESS) &#8211; &nbsp; El balance de fallecidos a <a href=\"https:\/\/sertv.gob.pa\/nacionalfm\/ascienden-a-mas-de-300-los-muertos-por-las-lluvias-torrenciales-y-las-inundaciones-en-la-provincia-de-henan\/\"> [&#8230;]<\/a><\/p>\n","protected":false},"author":9,"featured_media":72141,"comment_status":"closed","ping_status":"closed","sticky":false,"template":"","format":"standard","meta":{"footnotes":""},"categories":[3],"tags":[],"class_list":["post-72140","post","type-post","status-publish","format-standard","has-post-thumbnail","hentry","category-internacionales"],"_links":{"self":[{"href":"https:\/\/sertv.gob.pa\/nacionalfm\/wp-json\/wp\/v2\/posts\/72140","targetHints":{"allow":["GET"]}}],"collection":[{"href":"https:\/\/sertv.gob.pa\/nacionalfm\/wp-json\/wp\/v2\/posts"}],"about":[{"href":"https:\/\/sertv.gob.pa\/nacionalfm\/wp-json\/wp\/v2\/types\/post"}],"author":[{"embeddable":true,"href":"https:\/\/sertv.gob.pa\/nacionalfm\/wp-json\/wp\/v2\/users\/9"}],"replies":[{"embeddable":true,"href":"https:\/\/sertv.gob.pa\/nacionalfm\/wp-json\/wp\/v2\/comments?post=72140"}],"version-history":[{"count":1,"href":"https:\/\/sertv.gob.pa\/nacionalfm\/wp-json\/wp\/v2\/posts\/72140\/revisions"}],"predecessor-version":[{"id":72142,"href":"https:\/\/sertv.gob.pa\/nacionalfm\/wp-json\/wp\/v2\/posts\/72140\/revisions\/72142"}],"wp:featuredmedia":[{"embeddable":true,"href":"https:\/\/sertv.gob.pa\/nacionalfm\/wp-json\/wp\/v2\/media\/72141"}],"wp:attachment":[{"href":"https:\/\/sertv.gob.pa\/nacionalfm\/wp-json\/wp\/v2\/media?parent=72140"}],"wp:term":[{"taxonomy":"category","embeddable":true,"href":"https:\/\/sertv.gob.pa\/nacionalfm\/wp-json\/wp\/v2\/categories?post=72140"},{"taxonomy":"post_tag","embeddable":true,"href":"https:\/\/sertv.gob.pa\/nacionalfm\/wp-json\/wp\/v2\/tags?post=72140"}],"curies":[{"name":"wp","href":"https:\/\/api.w.org\/{rel}","templated":true}]}}