{"id":72195,"date":"2021-08-03T18:17:45","date_gmt":"2021-08-03T18:17:45","guid":{"rendered":"https:\/\/sertv.gob.pa\/nacionalfm\/?p=72195"},"modified":"2021-08-03T18:17:45","modified_gmt":"2021-08-03T18:17:45","slug":"el-papa-llama-a-reformar-la-iglesia-empezando-por-cada-uno-sin-prejuicios-ideologicos-ni-rigideces","status":"publish","type":"post","link":"https:\/\/sertv.gob.pa\/nacionalfm\/el-papa-llama-a-reformar-la-iglesia-empezando-por-cada-uno-sin-prejuicios-ideologicos-ni-rigideces\/","title":{"rendered":"El Papa llama a reformar la Iglesia empezando por cada uno, \u00absin prejuicios ideol\u00f3gicos ni rigideces\u00bb"},"content":{"rendered":"<p><strong><em>\u00a0<\/em><\/strong><\/p>\n<p><strong><em>\u00a0<\/em><\/strong><strong><em>ROMA, (EUROPA PRESS) \u2013<\/em><\/strong><\/p>\n<p>&nbsp;<\/p>\n<p>El Papa Francisco ha invitado en su \u00faltimo v\u00eddeo, publicado este martes, a \u00abreformar\u00bb la Iglesia cat\u00f3lica, empezando por cada persona, \u00absin prejuicios ideol\u00f3gicos ni rigideces\u00bb.<\/p>\n<p>\u00abEmpecemos reformando la Iglesia con una reforma de nosotros mismos. Sin ideas prefabricadas, sin prejuicios ideol\u00f3gicos, sin rigideces, sino avanzando a partir de una experiencia espiritual\u00bb, ha subrayado el Pont\u00edfice en su v\u00eddeo de agosto, recogido por Europa Press.<\/p>\n<p>En estos v\u00eddeos, difundidos mensualmente por la Red Mundial de Oraci\u00f3n del Papa, Francisco convoca a todo el mundo a rezar por una intenci\u00f3n y a plasmarla en gestos concretos.<\/p>\n<p>Este mes, el Pont\u00edfice hace una reflexi\u00f3n sobre la situaci\u00f3n de la Iglesia, su vocaci\u00f3n, su identidad y llama a renovarla \u00abdesde el discernimiento de la voluntad de Dios en la vida diaria\u00bb.<\/p>\n<p>En este sentido, Francisco ha recordado que la vocaci\u00f3n e identidad de la Iglesia cat\u00f3lica es \u00abevangelizar\u00bb y \u00abno hacer proselitismo\u00bb y ha expresado su sue\u00f1o de que avance hacia una \u00abopci\u00f3n m\u00e1s misionera, que salga al encuentro del otro sin proselitismo y que transforme todas sus estructuras para la evangelizaci\u00f3n del mundo actual\u00bb.<\/p>\n<p>Adem\u00e1s, ha afirmado que \u00abla Iglesia siempre tiene dificultades, siempre tiene crisis\u00bb, pero ha explicado que esto se debe a que \u00abest\u00e1 viva\u00bb. \u00abLas cosas vivas entran en crisis, solo los muertos no entran en crisis\u00bb, ha precisado.<\/p>\n<p>&nbsp;<\/p>\n<p>Fuente; EUROPA PRESS<\/p>\n","protected":false},"excerpt":{"rendered":"<p>\u00a0 \u00a0ROMA, (EUROPA PRESS) \u2013 &nbsp; El Papa Francisco ha <a href=\"https:\/\/sertv.gob.pa\/nacionalfm\/el-papa-llama-a-reformar-la-iglesia-empezando-por-cada-uno-sin-prejuicios-ideologicos-ni-rigideces\/\"> [&#8230;]<\/a><\/p>\n","protected":false},"author":9,"featured_media":72196,"comment_status":"closed","ping_status":"closed","sticky":false,"template":"","format":"standard","meta":{"footnotes":""},"categories":[3],"tags":[],"class_list":["post-72195","post","type-post","status-publish","format-standard","has-post-thumbnail","hentry","category-internacionales"],"_links":{"self":[{"href":"https:\/\/sertv.gob.pa\/nacionalfm\/wp-json\/wp\/v2\/posts\/72195","targetHints":{"allow":["GET"]}}],"collection":[{"href":"https:\/\/sertv.gob.pa\/nacionalfm\/wp-json\/wp\/v2\/posts"}],"about":[{"href":"https:\/\/sertv.gob.pa\/nacionalfm\/wp-json\/wp\/v2\/types\/post"}],"author":[{"embeddable":true,"href":"https:\/\/sertv.gob.pa\/nacionalfm\/wp-json\/wp\/v2\/users\/9"}],"replies":[{"embeddable":true,"href":"https:\/\/sertv.gob.pa\/nacionalfm\/wp-json\/wp\/v2\/comments?post=72195"}],"version-history":[{"count":1,"href":"https:\/\/sertv.gob.pa\/nacionalfm\/wp-json\/wp\/v2\/posts\/72195\/revisions"}],"predecessor-version":[{"id":72197,"href":"https:\/\/sertv.gob.pa\/nacionalfm\/wp-json\/wp\/v2\/posts\/72195\/revisions\/72197"}],"wp:featuredmedia":[{"embeddable":true,"href":"https:\/\/sertv.gob.pa\/nacionalfm\/wp-json\/wp\/v2\/media\/72196"}],"wp:attachment":[{"href":"https:\/\/sertv.gob.pa\/nacionalfm\/wp-json\/wp\/v2\/media?parent=72195"}],"wp:term":[{"taxonomy":"category","embeddable":true,"href":"https:\/\/sertv.gob.pa\/nacionalfm\/wp-json\/wp\/v2\/categories?post=72195"},{"taxonomy":"post_tag","embeddable":true,"href":"https:\/\/sertv.gob.pa\/nacionalfm\/wp-json\/wp\/v2\/tags?post=72195"}],"curies":[{"name":"wp","href":"https:\/\/api.w.org\/{rel}","templated":true}]}}