{"id":72257,"date":"2021-08-04T19:09:00","date_gmt":"2021-08-04T19:09:00","guid":{"rendered":"https:\/\/sertv.gob.pa\/nacionalfm\/?p=72257"},"modified":"2021-08-04T19:09:00","modified_gmt":"2021-08-04T19:09:00","slug":"ascienden-a-tres-los-muertos-tras-chocar-dos-trenes-de-pasajeros-en-republica-checa","status":"publish","type":"post","link":"https:\/\/sertv.gob.pa\/nacionalfm\/ascienden-a-tres-los-muertos-tras-chocar-dos-trenes-de-pasajeros-en-republica-checa\/","title":{"rendered":"Ascienden a tres los muertos tras chocar dos trenes de pasajeros en Rep\u00fablica Checa"},"content":{"rendered":"<p><strong><em>MADRID, (EUROPA PRESS) &#8211;<\/em><\/strong><\/p>\n<p>&nbsp;<\/p>\n<p>El balance de muertos del accidente registrado este mi\u00e9rcoles tras chocar dos trenes de pasajeros cerca de la localidad de Milavce, situada en el suroeste de Rep\u00fablica Checa, ha ascendido a tres, seg\u00fan han confirmado organismos sanitarios del pa\u00eds europeo.<\/p>\n<p>El portavoz del Servicio de Bomberos regional, Petr Poncar, ha detallado que dos personas han muerto en el acto, mientras que los equipos de rescate han hallado un tercer cad\u00e1ver en uno de los vagones que permanece atrapado tras la colisi\u00f3n.<\/p>\n<p>Asimismo, Maria Svobodova, portavoz del Servicio de Rescate M\u00e9dico de la regi\u00f3n de Pilsen, ha resaltado que 67 personas han resultado heridas, entre ellas siete que se encuentran en estado cr\u00edtico, por lo que no se descarta que el balance de fallecidos pueda aumentar en las pr\u00f3ximas horas.<\/p>\n<p>Svoboda ha resaltado que el suceso ha tenido lugar en torno a las 8.00 horas (hora local) y ha agregado que cuatro helic\u00f3pteros y doce veh\u00edculos participan en las operaciones de rescate, tal y como ha recogido la emisora p\u00fablica checa Cesky Rozhlas.<\/p>\n<p>Por su parte, un portavoz de Ferrocarriles de Rep\u00fablica Checa ha indicado que uno de los trenes implicados cubr\u00eda la ruta entre la ciudad alemana de M\u00fanich y Praga, mientras que el otro se dirig\u00eda de Pilsen a Domazlice. Por el momento se desconocen las causas de la colisi\u00f3n.<\/p>\n<p>&nbsp;<\/p>\n<p>Fuente: EUROPA PRESS<\/p>\n","protected":false},"excerpt":{"rendered":"<p>MADRID, (EUROPA PRESS) &#8211; &nbsp; El balance de muertos del <a href=\"https:\/\/sertv.gob.pa\/nacionalfm\/ascienden-a-tres-los-muertos-tras-chocar-dos-trenes-de-pasajeros-en-republica-checa\/\"> [&#8230;]<\/a><\/p>\n","protected":false},"author":9,"featured_media":72258,"comment_status":"closed","ping_status":"closed","sticky":false,"template":"","format":"standard","meta":{"footnotes":""},"categories":[3],"tags":[],"class_list":["post-72257","post","type-post","status-publish","format-standard","has-post-thumbnail","hentry","category-internacionales"],"_links":{"self":[{"href":"https:\/\/sertv.gob.pa\/nacionalfm\/wp-json\/wp\/v2\/posts\/72257","targetHints":{"allow":["GET"]}}],"collection":[{"href":"https:\/\/sertv.gob.pa\/nacionalfm\/wp-json\/wp\/v2\/posts"}],"about":[{"href":"https:\/\/sertv.gob.pa\/nacionalfm\/wp-json\/wp\/v2\/types\/post"}],"author":[{"embeddable":true,"href":"https:\/\/sertv.gob.pa\/nacionalfm\/wp-json\/wp\/v2\/users\/9"}],"replies":[{"embeddable":true,"href":"https:\/\/sertv.gob.pa\/nacionalfm\/wp-json\/wp\/v2\/comments?post=72257"}],"version-history":[{"count":1,"href":"https:\/\/sertv.gob.pa\/nacionalfm\/wp-json\/wp\/v2\/posts\/72257\/revisions"}],"predecessor-version":[{"id":72259,"href":"https:\/\/sertv.gob.pa\/nacionalfm\/wp-json\/wp\/v2\/posts\/72257\/revisions\/72259"}],"wp:featuredmedia":[{"embeddable":true,"href":"https:\/\/sertv.gob.pa\/nacionalfm\/wp-json\/wp\/v2\/media\/72258"}],"wp:attachment":[{"href":"https:\/\/sertv.gob.pa\/nacionalfm\/wp-json\/wp\/v2\/media?parent=72257"}],"wp:term":[{"taxonomy":"category","embeddable":true,"href":"https:\/\/sertv.gob.pa\/nacionalfm\/wp-json\/wp\/v2\/categories?post=72257"},{"taxonomy":"post_tag","embeddable":true,"href":"https:\/\/sertv.gob.pa\/nacionalfm\/wp-json\/wp\/v2\/tags?post=72257"}],"curies":[{"name":"wp","href":"https:\/\/api.w.org\/{rel}","templated":true}]}}