{"id":72260,"date":"2021-08-04T19:34:31","date_gmt":"2021-08-04T19:34:31","guid":{"rendered":"https:\/\/sertv.gob.pa\/nacionalfm\/?p=72260"},"modified":"2021-08-04T19:34:31","modified_gmt":"2021-08-04T19:34:31","slug":"mueren-tres-personas-en-una-nueva-masacre-en-colombia","status":"publish","type":"post","link":"https:\/\/sertv.gob.pa\/nacionalfm\/mueren-tres-personas-en-una-nueva-masacre-en-colombia\/","title":{"rendered":"Mueren tres personas en una nueva masacre en Colombia"},"content":{"rendered":"<p>Desde que comenz\u00f3 2021 se han registrado m\u00e1s de medio centenar de masacres en todo el pa\u00eds<\/p>\n<p>&nbsp;<\/p>\n<p><strong><em>MADRID, (EUROPA PRESS) \u2013<\/em><\/strong><\/p>\n<p><strong><em>\u00a0<\/em><\/strong><\/p>\n<p>El Instituto de Estudios para el Desarrollo y la Paz (Indepaz) de Colombia ha denunciado la perpetraci\u00f3n de una nueva masacre en el departamento colombiano de Tolima, donde han muerto tres personas.<\/p>\n<p>El incidente ha tenido lugar en el municipio de R\u00edo Blanco, donde un grupo de hombres armados han asesinado a los hermanos Gilberto Alonso, de 37 a\u00f1os, y Nels\u00f3n Cruz D\u00edaz, de 24, a pocos metros de la vereda La Ilusi\u00f3n.<\/p>\n<p>Adem\u00e1s, un tercer hombre que a\u00fan no ha sido identificado tambi\u00e9n habr\u00eda sido asesinado, seg\u00fan ha indicado el Indepaz en un comunicado en el que ha alertado a su vez de que ya son 62 las masacres registradas en lo que va de a\u00f1o.<\/p>\n<p>La Defensor\u00eda del Pueblo ha emitido una resoluci\u00f3n en la que alerta de la alta peligrosidad de la zona producto de la presencia de grupos armados, especialmente de las disidencias de las antiguas Fuerzas Armadas Revolucionarias de Colombia (FARC).<\/p>\n<p>De acuerdo a las autoridades colombianas, en la Cordillera Central est\u00e1n desplegadas las Autodefensas Gaitanistas de Colombia (AGC), el Frente Alfonso Cano de la Segunda Marquetalia, la Comisi\u00f3n Financiera Manuel Marulanda V\u00e9lez y el Comando Conjunto de Occidente, entre otros.<\/p>\n<p>El documento del Indepaz alerta de que en tan solo ocho meses se han perpetrado m\u00e1s de 60 masacres, as\u00ed como el asesinato de al menos 103 l\u00edderes sociales y 31 excombatientes de las FARC.<\/p>\n<p>&nbsp;<\/p>\n<p>Fuente: EUROPA PRESS<\/p>\n","protected":false},"excerpt":{"rendered":"<p>Desde que comenz\u00f3 2021 se han registrado m\u00e1s de medio <a href=\"https:\/\/sertv.gob.pa\/nacionalfm\/mueren-tres-personas-en-una-nueva-masacre-en-colombia\/\"> [&#8230;]<\/a><\/p>\n","protected":false},"author":9,"featured_media":72261,"comment_status":"closed","ping_status":"closed","sticky":false,"template":"","format":"standard","meta":{"footnotes":""},"categories":[3],"tags":[],"class_list":["post-72260","post","type-post","status-publish","format-standard","has-post-thumbnail","hentry","category-internacionales"],"_links":{"self":[{"href":"https:\/\/sertv.gob.pa\/nacionalfm\/wp-json\/wp\/v2\/posts\/72260","targetHints":{"allow":["GET"]}}],"collection":[{"href":"https:\/\/sertv.gob.pa\/nacionalfm\/wp-json\/wp\/v2\/posts"}],"about":[{"href":"https:\/\/sertv.gob.pa\/nacionalfm\/wp-json\/wp\/v2\/types\/post"}],"author":[{"embeddable":true,"href":"https:\/\/sertv.gob.pa\/nacionalfm\/wp-json\/wp\/v2\/users\/9"}],"replies":[{"embeddable":true,"href":"https:\/\/sertv.gob.pa\/nacionalfm\/wp-json\/wp\/v2\/comments?post=72260"}],"version-history":[{"count":1,"href":"https:\/\/sertv.gob.pa\/nacionalfm\/wp-json\/wp\/v2\/posts\/72260\/revisions"}],"predecessor-version":[{"id":72262,"href":"https:\/\/sertv.gob.pa\/nacionalfm\/wp-json\/wp\/v2\/posts\/72260\/revisions\/72262"}],"wp:featuredmedia":[{"embeddable":true,"href":"https:\/\/sertv.gob.pa\/nacionalfm\/wp-json\/wp\/v2\/media\/72261"}],"wp:attachment":[{"href":"https:\/\/sertv.gob.pa\/nacionalfm\/wp-json\/wp\/v2\/media?parent=72260"}],"wp:term":[{"taxonomy":"category","embeddable":true,"href":"https:\/\/sertv.gob.pa\/nacionalfm\/wp-json\/wp\/v2\/categories?post=72260"},{"taxonomy":"post_tag","embeddable":true,"href":"https:\/\/sertv.gob.pa\/nacionalfm\/wp-json\/wp\/v2\/tags?post=72260"}],"curies":[{"name":"wp","href":"https:\/\/api.w.org\/{rel}","templated":true}]}}