{"id":72263,"date":"2021-08-04T19:45:43","date_gmt":"2021-08-04T19:45:43","guid":{"rendered":"https:\/\/sertv.gob.pa\/nacionalfm\/?p=72263"},"modified":"2021-08-04T19:45:43","modified_gmt":"2021-08-04T19:45:43","slug":"el-fondo-creado-por-el-papa-para-luchar-contra-el-coronavirus-ayuda-a-2-500-personas-a-salir-de-la-pobreza","status":"publish","type":"post","link":"https:\/\/sertv.gob.pa\/nacionalfm\/el-fondo-creado-por-el-papa-para-luchar-contra-el-coronavirus-ayuda-a-2-500-personas-a-salir-de-la-pobreza\/","title":{"rendered":"El Fondo creado por el Papa para luchar contra el coronavirus ayuda a 2.500 personas a salir de la pobreza"},"content":{"rendered":"<p><strong><em>\u00a0<\/em><\/strong><strong><em>ROMA, (EUROPA PRESS) &#8211;<\/em><\/strong><\/p>\n<p>&nbsp;<\/p>\n<p>El &#8216;Fondo Jes\u00fas Divino Trabajador&#8217;, impulsado por el Papa Francisco para los afectados por la crisis de la Covid-19, ha permitido ayudar a 2.500 personas a salir de la pobreza en su primer a\u00f1o de funcionamiento, gracias a los 1,7 millones de euros recaudados.<\/p>\n<p>Los resultados de este fondo, que ha cumplido un a\u00f1o desde su puesta en marcha, se han presentado este mi\u00e9rcoles en una conferencia en el Sal\u00f3n de los Emperadores del Vicariato de Roma. En el acto han participado el arzobispo Gianpiero Palmieri, la alcaldesa de Roma Virginia Raggi y el presidente de la Regi\u00f3n del Lacio, Nicola Zingaretti, introducidos por el exdirector de la C\u00e1ritas diocesana, monse\u00f1or Benoni Ambaru.<\/p>\n<p>El objetivo del Fondo, basado en la intuici\u00f3n y las indicaciones del Papa, era ayudar a quienes \u00ablo han perdido todo\u00bb a causa de la Covid a obtener subsidios, ayudas a la subsistencia y a reintegrarse en el mundo laboral, seg\u00fan informa el portal oficial de la Santa Sede &#8216;Vatican News&#8217;.<\/p>\n<p>Si bien, han puesto de relieve que el \u00abefecto colateral\u00bb ha sido un trabajo capilar de escucha y cercan\u00eda, por parte de la Iglesia, pero tambi\u00e9n de las instituciones, para sacar a muchas personas del \u00ababismo de soledad\u00bb al que el encierro y otras medidas restrictivas les han llevado.<\/p>\n<p>La Regi\u00f3n del Lacio y Roma Capitale se han unido al proyecto del Papa y han formado la Alianza por Roma. El primer mill\u00f3n de euros fue asignado por Francisco, luego la Regi\u00f3n y el Campidoglio aportaron 500.000 euros y, con el tiempo, empresas y ciudadanos particulares tambi\u00e9n han contribuido con donaciones que ascienden a 201.000 euros.<\/p>\n<p>El arzobispo Palmieri ha destacado que la iniciativa ha sido \u00abun ancla de salvaci\u00f3n y de esperanza\u00bb. \u00abCon este proyecto hemos intentado, cada uno a su manera y con sus propias habilidades, contrarrestar la tendencia al ego\u00edsmo ayudando a los dem\u00e1s\u00bb, ha subrayado.<\/p>\n<p>La alcaldesa Raggi, por su parte, lo ha calificado de \u00abejemplo de resiliencia\u00bb. \u00abAl inventar esta herramienta, gracias a una intuici\u00f3n del Santo Padre, en equipo creamos un colch\u00f3n, un paraca\u00eddas, para reaccionar ante un choque inesperado. Hemos sido resilientes y logramos apoyar a nuestra comunidad\u00bb, ha asegurado.<\/p>\n<p>Raggi ha afirmado que Roma se ha distinguido desde la antig\u00fcedad por una larga historia de \u00absolidaridad\u00bb y \u00abgenerosidad\u00bb, y ha instado a continuar por este camino porque \u00ablos efectos de la pandemia no han terminado\u00bb y porque \u00abesta fotograf\u00eda no es una instant\u00e1nea sino un hecho estructural\u00bb.<\/p>\n<p>\u00abCuando decimos que nadie debe quedarse atr\u00e1s, significa que tenemos que inventar proyectos para llegar a los \u00faltimos\u00bb, ha a\u00f1adido la alcaldesa, informando de que Roma Capitale ha abierto un fondo de microcr\u00e9ditos de 3 millones, para intervenciones inmediatas como el pago de alquileres y facturas o para las actividades de los peque\u00f1os empresarios.<\/p>\n<p>Por su parte, Nicola Zingaretti ha advertido de la otra enfermedad que afecta a las personas, la de la soledad y, en este sentido, ha se\u00f1alado que la Alianza por Roma, adem\u00e1s de los vales de compra, los paquetes de alimentos y los fondos contra la usura, busca \u00abtomar de la mano a las personas solas y devolverles la plena ciudadan\u00eda\u00bb<\/p>\n<p>Asimismo, ha pedido un mayor esfuerzo de cara al Jubileo de 2025. \u00abRoma jubilar no puede acoger a peregrinos de todo el mundo con estos \u00edndices de pobreza y malestar\u00bb, ha enfatizado.<\/p>\n<p>Finalmente, monse\u00f1or Ambarus ha alabado la fuerza de todas las mujeres en el peor momento de la pandemia. \u00ab\u00a1Qu\u00e9 gran fuerza revelaron las mujeres durante este per\u00edodo! Vimos a madres que, para cuidar a sus hijos, hac\u00edan fila en los almacenes, aun a costa de estar con la mirada baja por la verg\u00fcenza. Pero estaban all\u00ed para defender el sistema familiar. La verdadera fuerza de las familias no son los ingresos, a menudo de los hombres, sino la fuerza moral de las mujeres\u00bb, ha destacado.<\/p>\n<p>&nbsp;<\/p>\n<p>Fuente: EUROPA PRESS<\/p>\n","protected":false},"excerpt":{"rendered":"<p>\u00a0ROMA, (EUROPA PRESS) &#8211; &nbsp; El &#8216;Fondo Jes\u00fas Divino Trabajador&#8217;, <a href=\"https:\/\/sertv.gob.pa\/nacionalfm\/el-fondo-creado-por-el-papa-para-luchar-contra-el-coronavirus-ayuda-a-2-500-personas-a-salir-de-la-pobreza\/\"> [&#8230;]<\/a><\/p>\n","protected":false},"author":9,"featured_media":72264,"comment_status":"closed","ping_status":"closed","sticky":false,"template":"","format":"standard","meta":{"footnotes":""},"categories":[3],"tags":[],"class_list":["post-72263","post","type-post","status-publish","format-standard","has-post-thumbnail","hentry","category-internacionales"],"_links":{"self":[{"href":"https:\/\/sertv.gob.pa\/nacionalfm\/wp-json\/wp\/v2\/posts\/72263","targetHints":{"allow":["GET"]}}],"collection":[{"href":"https:\/\/sertv.gob.pa\/nacionalfm\/wp-json\/wp\/v2\/posts"}],"about":[{"href":"https:\/\/sertv.gob.pa\/nacionalfm\/wp-json\/wp\/v2\/types\/post"}],"author":[{"embeddable":true,"href":"https:\/\/sertv.gob.pa\/nacionalfm\/wp-json\/wp\/v2\/users\/9"}],"replies":[{"embeddable":true,"href":"https:\/\/sertv.gob.pa\/nacionalfm\/wp-json\/wp\/v2\/comments?post=72263"}],"version-history":[{"count":1,"href":"https:\/\/sertv.gob.pa\/nacionalfm\/wp-json\/wp\/v2\/posts\/72263\/revisions"}],"predecessor-version":[{"id":72265,"href":"https:\/\/sertv.gob.pa\/nacionalfm\/wp-json\/wp\/v2\/posts\/72263\/revisions\/72265"}],"wp:featuredmedia":[{"embeddable":true,"href":"https:\/\/sertv.gob.pa\/nacionalfm\/wp-json\/wp\/v2\/media\/72264"}],"wp:attachment":[{"href":"https:\/\/sertv.gob.pa\/nacionalfm\/wp-json\/wp\/v2\/media?parent=72263"}],"wp:term":[{"taxonomy":"category","embeddable":true,"href":"https:\/\/sertv.gob.pa\/nacionalfm\/wp-json\/wp\/v2\/categories?post=72263"},{"taxonomy":"post_tag","embeddable":true,"href":"https:\/\/sertv.gob.pa\/nacionalfm\/wp-json\/wp\/v2\/tags?post=72263"}],"curies":[{"name":"wp","href":"https:\/\/api.w.org\/{rel}","templated":true}]}}