{"id":7227,"date":"2015-09-04T19:11:03","date_gmt":"2015-09-04T19:11:03","guid":{"rendered":""},"modified":"2015-09-04T19:11:03","modified_gmt":"2015-09-04T19:11:03","slug":"nueva-sala-de-resonancia-magnetica","status":"publish","type":"post","link":"https:\/\/sertv.gob.pa\/nacionalfm\/nueva-sala-de-resonancia-magnetica\/","title":{"rendered":"Nueva sala de resonancia magn\u00e9tica"},"content":{"rendered":"<p>\nLa nueva sala de resonancia magn\u00e9tica del Centro M\u00e9dico Paitilla se inaugur\u00f3 con una inversi\u00f3n de 3 millones de d\u00f3lares, seg\u00fan la Directora Ejecutiva del mismo, Vilma Moreno de Arias. <\/p>\n<p>Es la \u00fanica resonancia en el pa\u00eds y la regi\u00f3n de 3.0 Tesla, que es la medida de la potencia magn\u00e9tica del equipo. <\/p>\n<p>&lsquo;Adem\u00e1s, es la primera resonancia 100% digital, pues las que hay en todos los dem\u00e1s hospitales son anal\u00f3gicas&#8217;, indica Demetrio Pinz\u00f3n de Electr\u00f3nica M\u00e9dica, S.A., la empresa proveedora del equipo marca Philips. <\/p>\n<p>&lsquo;Eso permite mejorar la calidad de la imagen en un 40%, pues usa la fibra \u00f3ptica para transmitir informaci\u00f3n&#8217;. <\/p>\n<p>A esto agrega que la apertura del magneto es de 70 cm, mientras que en el resto del pa\u00eds son de 60cm. Y no solo eso, pues la sala viene con una nueva ambientaci\u00f3n e iluminaci\u00f3n, adem\u00e1s de un sistema de audio y v\u00eddeo, para brindarle tranquilidad al paciente. <\/p>\n<p>&lsquo;Es posible poner videos o m\u00fasica y cambiar los colores de las luces&#8217;, explica Valdir Fialkowski, gerente de marketing cl\u00ednico y educaci\u00f3n para Philips Latinoam\u00e9rica. <\/p>\n<p>&lsquo;Los ex\u00e1menes toman menos tiempo&#8230; lo cual permite atender a m\u00e1s pacientes, porque en lugar de tardar 30 a 40 minutos por examen, puede tardar entre 10 y 15&#8242;, sostiene Fialkowski. <\/p>\n<p>\u00a0 <\/p>\n","protected":false},"excerpt":{"rendered":"<p>La nueva sala de resonancia magn\u00e9tica del Centro M\u00e9dico Paitilla <a href=\"https:\/\/sertv.gob.pa\/nacionalfm\/nueva-sala-de-resonancia-magnetica\/\"> [&#8230;]<\/a><\/p>\n","protected":false},"author":1,"featured_media":7228,"comment_status":"closed","ping_status":"closed","sticky":false,"template":"","format":"standard","meta":{"footnotes":""},"categories":[5],"tags":[],"class_list":["post-7227","post","type-post","status-publish","format-standard","has-post-thumbnail","hentry","category-salud"],"_links":{"self":[{"href":"https:\/\/sertv.gob.pa\/nacionalfm\/wp-json\/wp\/v2\/posts\/7227","targetHints":{"allow":["GET"]}}],"collection":[{"href":"https:\/\/sertv.gob.pa\/nacionalfm\/wp-json\/wp\/v2\/posts"}],"about":[{"href":"https:\/\/sertv.gob.pa\/nacionalfm\/wp-json\/wp\/v2\/types\/post"}],"author":[{"embeddable":true,"href":"https:\/\/sertv.gob.pa\/nacionalfm\/wp-json\/wp\/v2\/users\/1"}],"replies":[{"embeddable":true,"href":"https:\/\/sertv.gob.pa\/nacionalfm\/wp-json\/wp\/v2\/comments?post=7227"}],"version-history":[{"count":0,"href":"https:\/\/sertv.gob.pa\/nacionalfm\/wp-json\/wp\/v2\/posts\/7227\/revisions"}],"wp:featuredmedia":[{"embeddable":true,"href":"https:\/\/sertv.gob.pa\/nacionalfm\/wp-json\/wp\/v2\/media\/7228"}],"wp:attachment":[{"href":"https:\/\/sertv.gob.pa\/nacionalfm\/wp-json\/wp\/v2\/media?parent=7227"}],"wp:term":[{"taxonomy":"category","embeddable":true,"href":"https:\/\/sertv.gob.pa\/nacionalfm\/wp-json\/wp\/v2\/categories?post=7227"},{"taxonomy":"post_tag","embeddable":true,"href":"https:\/\/sertv.gob.pa\/nacionalfm\/wp-json\/wp\/v2\/tags?post=7227"}],"curies":[{"name":"wp","href":"https:\/\/api.w.org\/{rel}","templated":true}]}}