{"id":723,"date":"2014-08-02T05:00:00","date_gmt":"2014-08-02T05:00:00","guid":{"rendered":""},"modified":"2014-08-02T05:00:00","modified_gmt":"2014-08-02T05:00:00","slug":"ecuador-deroga-patentes-de-9-farmacos-contra-sida-y-cancer","status":"publish","type":"post","link":"https:\/\/sertv.gob.pa\/nacionalfm\/ecuador-deroga-patentes-de-9-farmacos-contra-sida-y-cancer\/","title":{"rendered":"Ecuador deroga patentes de 9 f\u00e1rmacos contra sida y c\u00e1ncer"},"content":{"rendered":"<p>\nEcuador aboli\u00f3 desde 2013 las patentes de 9 medicamentos contra el sida, enfermedades oncol\u00f3gicas, artritis y para trasplantes de ri\u00f1ones, lo cual abarata los precios hasta en 99%, se\u00f1al\u00f3 la ministra de Salud, Carina Vance. <\/p>\n<p>\u00abEn estos nueve procesos hemos generado el potencial de ahorro de entre 23% y 99%\u00bb, expres\u00f3 la funcionaria en un comunicado, citando que un producto para combatir la artritis llega a costar 84 centavos de d\u00f3lar por tableta y que con la derogatoria de la patente podr\u00e1 ser producido en el pa\u00eds y comercializado a 1 centavo. <\/p>\n<p>Vance indic\u00f3 que el Instituto Ecuatoriano de Propiedad Intelectual (IEPI) concedi\u00f3 las \u00ablicencias obligatorias\u00bb para los nueve medicamentos, las cuales sustituyen a patentes. <\/p>\n<p>\u00abLa licencia obligatoria es la autorizaci\u00f3n que otorga el Estado para producir un medicamento patentado sin requerir el permiso del due\u00f1o de la patente, mecanismo permitido en el marco de los acuerdos de propiedad intelectual de la Organizaci\u00f3n Mundial del Comercio\u00bb, anot\u00f3 la cartera. En 2009, el gobierno del presidente socialista Rafael Correa declar\u00f3 de inter\u00e9s p\u00fablico el acceso a las medicinas. <\/p>\n<p>\u00abSe firm\u00f3 el decreto para que m\u00e1s de 2.000 medicinas puedan ser producidas en el pa\u00eds o importar sin patentes\u00bb, dijo Correa entonces, a\u00f1adiendo \u00abnunca m\u00e1s medicinas con patentes, nunca m\u00e1s agroqu\u00edmicos con patentes. <\/p>\n<p>Todo lo que podamos eliminar patentes y poner licencia obligatoria lo haremos\u00bb. Entretanto, la Industria Farmac\u00e9utica de Investigaci\u00f3n (IFI), que reun\u00eda en Ecuador a 14 transnacionales como Bayer, GSK y Pfizer, expres\u00f3 que \u00abaceptamos democr\u00e1ticamente esta decisi\u00f3n del presidente de viabilizar legalmente este mecanismo excepcional, observando los derechos y responsabilidades consagrados en la legislaci\u00f3n ecuatoriana, la normativa andina y los acuerdos internacionales suscritos por Ecuador\u00bb. @nacionalFm <\/p>\n<p>\u00a0 <\/p>\n<p>\u00a0 <\/p>\n","protected":false},"excerpt":{"rendered":"<p>Ecuador aboli\u00f3 desde 2013 las patentes de 9 medicamentos contra <a href=\"https:\/\/sertv.gob.pa\/nacionalfm\/ecuador-deroga-patentes-de-9-farmacos-contra-sida-y-cancer\/\"> [&#8230;]<\/a><\/p>\n","protected":false},"author":1,"featured_media":724,"comment_status":"closed","ping_status":"closed","sticky":false,"template":"","format":"standard","meta":{"footnotes":""},"categories":[5],"tags":[],"class_list":["post-723","post","type-post","status-publish","format-standard","has-post-thumbnail","hentry","category-salud"],"_links":{"self":[{"href":"https:\/\/sertv.gob.pa\/nacionalfm\/wp-json\/wp\/v2\/posts\/723","targetHints":{"allow":["GET"]}}],"collection":[{"href":"https:\/\/sertv.gob.pa\/nacionalfm\/wp-json\/wp\/v2\/posts"}],"about":[{"href":"https:\/\/sertv.gob.pa\/nacionalfm\/wp-json\/wp\/v2\/types\/post"}],"author":[{"embeddable":true,"href":"https:\/\/sertv.gob.pa\/nacionalfm\/wp-json\/wp\/v2\/users\/1"}],"replies":[{"embeddable":true,"href":"https:\/\/sertv.gob.pa\/nacionalfm\/wp-json\/wp\/v2\/comments?post=723"}],"version-history":[{"count":0,"href":"https:\/\/sertv.gob.pa\/nacionalfm\/wp-json\/wp\/v2\/posts\/723\/revisions"}],"wp:featuredmedia":[{"embeddable":true,"href":"https:\/\/sertv.gob.pa\/nacionalfm\/wp-json\/wp\/v2\/media\/724"}],"wp:attachment":[{"href":"https:\/\/sertv.gob.pa\/nacionalfm\/wp-json\/wp\/v2\/media?parent=723"}],"wp:term":[{"taxonomy":"category","embeddable":true,"href":"https:\/\/sertv.gob.pa\/nacionalfm\/wp-json\/wp\/v2\/categories?post=723"},{"taxonomy":"post_tag","embeddable":true,"href":"https:\/\/sertv.gob.pa\/nacionalfm\/wp-json\/wp\/v2\/tags?post=723"}],"curies":[{"name":"wp","href":"https:\/\/api.w.org\/{rel}","templated":true}]}}