{"id":72353,"date":"2021-08-06T17:47:57","date_gmt":"2021-08-06T17:47:57","guid":{"rendered":"https:\/\/sertv.gob.pa\/nacionalfm\/?p=72353"},"modified":"2021-08-06T17:47:57","modified_gmt":"2021-08-06T17:47:57","slug":"haiti-pide-ayuda-a-la-onu-para-investigar-el-asesinato-de-moise-y-reclama-la-creacion-de-un-tribunal-especial","status":"publish","type":"post","link":"https:\/\/sertv.gob.pa\/nacionalfm\/haiti-pide-ayuda-a-la-onu-para-investigar-el-asesinato-de-moise-y-reclama-la-creacion-de-un-tribunal-especial\/","title":{"rendered":"Hait\u00ed pide ayuda a la ONU para investigar el asesinato de Moise y reclama la creaci\u00f3n de un tribunal especial"},"content":{"rendered":"<p><strong><em>MADRID, (EUROPA PRESS) \u2013<\/em><\/strong><\/p>\n<p>&nbsp;<\/p>\n<p>El Gobierno de Hait\u00ed ha pedido ayuda a Naciones Unidas para una \u00abinvestigaci\u00f3n internacional\u00bb en torno al asesinato en julio del presidente Jovenel Moise, incluida la creaci\u00f3n de un tribunal especial para juzgar a los responsables del magnicidio.<\/p>\n<p>\u00abEl Ministerio de Exteriores de Hait\u00ed pide la asistencia de la ONU para llevar a cabo una investigaci\u00f3n internacional en torno al asesinato del presidente Jovenel Moise\u00bb, ha indicado la Embajada de Hait\u00ed en Rep\u00fablica Dominicana a trav\u00e9s de su cuenta oficial en la red social Facebook.<\/p>\n<p>As\u00ed, ha detallado que esta petici\u00f3n ha sido presentada \u00abformalmente\u00bb al secretario general de la ONU, Ant\u00f3nio Guterres, y ha agregado que la ayuda pedida consiste \u00abpor una parte en la constituci\u00f3n de una comisi\u00f3n de investigaci\u00f3n internacional de apoyo a los trabajos de los organismos nacionales\u00bb.<\/p>\n<p>Por otra parte, reclama la creaci\u00f3n de un tribunal especial para juzgar a los supuestos responsables, algo parecido al Tribunal Especial para L\u00edbano (TEL) a la hora de juzgar el atentado en el que muri\u00f3 en 2005 el ex primer ministro Rafik Hariri.<\/p>\n<p>El Gobierno haitiano ha reclamado adem\u00e1s el apoyo de la Comunidad del Caribe (CARICOM) y ha reiterado que el asesinato de Moise y las graves heridas sufridas por la primera dama, Martine Moise, en el ataque \u00absuponen un crimen internacional por las sospechas de la participaci\u00f3n de ciudadanos extranjeros en la planificaci\u00f3n, financiaci\u00f3n y ejecuci\u00f3n del atentado\u00bb.<\/p>\n<p>La Polic\u00eda haitiana ha detenido por el momento a decenas de personas, entre ellas 18 colombianos y varios ciudadanos haitianos, si bien las investigaciones siguen adelante. Los agentes han indicado que las pesquisas apuntan a Christian Emmanuel Sanon, un hombre de 63 a\u00f1os que habr\u00e1 conspirado para contratar a los mercenarios colombianos con el objetivo de hacerse con el poder.<\/p>\n<p>En otro orden de cosas, el primer ministro de Hait\u00ed, Ariel Henry, indic\u00f3 el jueves que tras una reuni\u00f3n con representantes de organizaciones de defensa de los Derechos Humanos que sigue trabajando para organizar unas \u00abelecciones libres, honestas, inclusivas y no partidistas\u00bb.<\/p>\n<p>Asimismo, ha hecho hincapi\u00e9 en su determinaci\u00f3n para \u00abrestablecer y garantizar la seguridad en todo el territorio\u00bb y \u00abcombatir la criminalidad, la impunidad, la corrupci\u00f3n, la inseguridad alimentaria y promover la creaci\u00f3n de empleos y el Estado de Derecho\u00bb.<\/p>\n<p>Los comicios para renovar las administraciones locales tendr\u00e1n lugar en principio en enero de 2022. Moise gobernaba por decreto desde hace m\u00e1s de un a\u00f1o ante la ausencia de un Parlamento electo, en medio de una grave crisis pol\u00edtica y de seguridad en el pa\u00eds.<\/p>\n<p>&nbsp;<\/p>\n<p>Fuente: EUROPA PRESS<\/p>\n","protected":false},"excerpt":{"rendered":"<p>MADRID, (EUROPA PRESS) \u2013 &nbsp; El Gobierno de Hait\u00ed ha <a href=\"https:\/\/sertv.gob.pa\/nacionalfm\/haiti-pide-ayuda-a-la-onu-para-investigar-el-asesinato-de-moise-y-reclama-la-creacion-de-un-tribunal-especial\/\"> [&#8230;]<\/a><\/p>\n","protected":false},"author":9,"featured_media":71051,"comment_status":"closed","ping_status":"closed","sticky":false,"template":"","format":"standard","meta":{"footnotes":""},"categories":[3],"tags":[],"class_list":["post-72353","post","type-post","status-publish","format-standard","has-post-thumbnail","hentry","category-internacionales"],"_links":{"self":[{"href":"https:\/\/sertv.gob.pa\/nacionalfm\/wp-json\/wp\/v2\/posts\/72353","targetHints":{"allow":["GET"]}}],"collection":[{"href":"https:\/\/sertv.gob.pa\/nacionalfm\/wp-json\/wp\/v2\/posts"}],"about":[{"href":"https:\/\/sertv.gob.pa\/nacionalfm\/wp-json\/wp\/v2\/types\/post"}],"author":[{"embeddable":true,"href":"https:\/\/sertv.gob.pa\/nacionalfm\/wp-json\/wp\/v2\/users\/9"}],"replies":[{"embeddable":true,"href":"https:\/\/sertv.gob.pa\/nacionalfm\/wp-json\/wp\/v2\/comments?post=72353"}],"version-history":[{"count":1,"href":"https:\/\/sertv.gob.pa\/nacionalfm\/wp-json\/wp\/v2\/posts\/72353\/revisions"}],"predecessor-version":[{"id":72354,"href":"https:\/\/sertv.gob.pa\/nacionalfm\/wp-json\/wp\/v2\/posts\/72353\/revisions\/72354"}],"wp:featuredmedia":[{"embeddable":true,"href":"https:\/\/sertv.gob.pa\/nacionalfm\/wp-json\/wp\/v2\/media\/71051"}],"wp:attachment":[{"href":"https:\/\/sertv.gob.pa\/nacionalfm\/wp-json\/wp\/v2\/media?parent=72353"}],"wp:term":[{"taxonomy":"category","embeddable":true,"href":"https:\/\/sertv.gob.pa\/nacionalfm\/wp-json\/wp\/v2\/categories?post=72353"},{"taxonomy":"post_tag","embeddable":true,"href":"https:\/\/sertv.gob.pa\/nacionalfm\/wp-json\/wp\/v2\/tags?post=72353"}],"curies":[{"name":"wp","href":"https:\/\/api.w.org\/{rel}","templated":true}]}}