{"id":72355,"date":"2021-08-06T18:08:13","date_gmt":"2021-08-06T18:08:13","guid":{"rendered":"https:\/\/sertv.gob.pa\/nacionalfm\/?p=72355"},"modified":"2021-08-06T18:08:13","modified_gmt":"2021-08-06T18:08:13","slug":"los-fuertes-vientos-multiplican-los-incendios-en-el-norte-de-atenas","status":"publish","type":"post","link":"https:\/\/sertv.gob.pa\/nacionalfm\/los-fuertes-vientos-multiplican-los-incendios-en-el-norte-de-atenas\/","title":{"rendered":"Los fuertes vientos multiplican los incendios en el norte de Atenas"},"content":{"rendered":"<p><strong><em>ATENAS, (DPA\/EP) \u2013<\/em><\/strong><\/p>\n<p><strong><em>\u00a0<\/em><\/strong><\/p>\n<p>Varios almacenes y plantas industriales a lo largo de la carretera entre Atenas y Tesal\u00f3nica han comenzado a arder este viernes debido a los fuertes vientos que han multiplicado los focos de incendio en el pa\u00eds, asolado desde hace d\u00edas por las altas temperaturas.<\/p>\n<p>De momento, el Gobierno griego ha pedido a los residentes de las localidades de Malakasa y Sfendali que abandonen sus hogares y se espera que los residentes de Oropos, a 25 kil\u00f3metros de la capital griega, hagan lo mismo en las pr\u00f3ximas horas.<\/p>\n<p>En las \u00faltimas 24 horas el pa\u00eds ha confirmado 86 nuevos incendios, seg\u00fan ha hecho saber el servicio nacional de Bomberos en su cuenta de Twitter, y 18 personas han tenido que ser hospitalizadas, la mayor\u00eda por problemas respiratorios.<\/p>\n<p>Tambi\u00e9n hay incendios en el Peloponeso y en la isla de Euboea, donde los habitantes de la localidad de Agia Anna han tenido que ser trasladados a la zona continental por barco.<\/p>\n<p>En un discurso pronunciado el jueves, el primer ministro del pa\u00eds Kyriakos Mitsotakis, describi\u00f3 que hay al menos tres \u00abenormes incendios en Atenas, Peloponeso y la isla de Euboea\u00bb, en medio de una \u00absituaci\u00f3n sin precedentes\u00bb en el pa\u00eds, convertido en \u00abun polvor\u00edn por la combinaci\u00f3n del calor y la sequ\u00eda\u00bb.<\/p>\n<p>&nbsp;<\/p>\n<p>Fuente: EUROPA PRESS<\/p>\n","protected":false},"excerpt":{"rendered":"<p>ATENAS, (DPA\/EP) \u2013 \u00a0 Varios almacenes y plantas industriales a <a href=\"https:\/\/sertv.gob.pa\/nacionalfm\/los-fuertes-vientos-multiplican-los-incendios-en-el-norte-de-atenas\/\"> [&#8230;]<\/a><\/p>\n","protected":false},"author":9,"featured_media":72356,"comment_status":"closed","ping_status":"closed","sticky":false,"template":"","format":"standard","meta":{"footnotes":""},"categories":[3],"tags":[],"class_list":["post-72355","post","type-post","status-publish","format-standard","has-post-thumbnail","hentry","category-internacionales"],"_links":{"self":[{"href":"https:\/\/sertv.gob.pa\/nacionalfm\/wp-json\/wp\/v2\/posts\/72355","targetHints":{"allow":["GET"]}}],"collection":[{"href":"https:\/\/sertv.gob.pa\/nacionalfm\/wp-json\/wp\/v2\/posts"}],"about":[{"href":"https:\/\/sertv.gob.pa\/nacionalfm\/wp-json\/wp\/v2\/types\/post"}],"author":[{"embeddable":true,"href":"https:\/\/sertv.gob.pa\/nacionalfm\/wp-json\/wp\/v2\/users\/9"}],"replies":[{"embeddable":true,"href":"https:\/\/sertv.gob.pa\/nacionalfm\/wp-json\/wp\/v2\/comments?post=72355"}],"version-history":[{"count":1,"href":"https:\/\/sertv.gob.pa\/nacionalfm\/wp-json\/wp\/v2\/posts\/72355\/revisions"}],"predecessor-version":[{"id":72358,"href":"https:\/\/sertv.gob.pa\/nacionalfm\/wp-json\/wp\/v2\/posts\/72355\/revisions\/72358"}],"wp:featuredmedia":[{"embeddable":true,"href":"https:\/\/sertv.gob.pa\/nacionalfm\/wp-json\/wp\/v2\/media\/72356"}],"wp:attachment":[{"href":"https:\/\/sertv.gob.pa\/nacionalfm\/wp-json\/wp\/v2\/media?parent=72355"}],"wp:term":[{"taxonomy":"category","embeddable":true,"href":"https:\/\/sertv.gob.pa\/nacionalfm\/wp-json\/wp\/v2\/categories?post=72355"},{"taxonomy":"post_tag","embeddable":true,"href":"https:\/\/sertv.gob.pa\/nacionalfm\/wp-json\/wp\/v2\/tags?post=72355"}],"curies":[{"name":"wp","href":"https:\/\/api.w.org\/{rel}","templated":true}]}}