{"id":72359,"date":"2021-08-06T18:28:56","date_gmt":"2021-08-06T18:28:56","guid":{"rendered":"https:\/\/sertv.gob.pa\/nacionalfm\/?p=72359"},"modified":"2021-08-06T18:28:56","modified_gmt":"2021-08-06T18:28:56","slug":"la-onu-pide-ayuda-inmediata-para-los-mas-de-90-000-desplazados-por-las-inundaciones-en-sudan-del-sur","status":"publish","type":"post","link":"https:\/\/sertv.gob.pa\/nacionalfm\/la-onu-pide-ayuda-inmediata-para-los-mas-de-90-000-desplazados-por-las-inundaciones-en-sudan-del-sur\/","title":{"rendered":"La ONU pide ayuda inmediata para los m\u00e1s de 90.000 desplazados por las inundaciones en Sud\u00e1n del Sur"},"content":{"rendered":"<p><strong><em>MADRID, (EUROPA PRESS) \u2013<\/em><\/strong><\/p>\n<p>&nbsp;<\/p>\n<p>Naciones Unidas ha pedido asistencia inmediata para las m\u00e1s de 90.000 personas desplazadas por las inundaciones en Sud\u00e1n del Sur, especialmente en los condados de Ayod y Canal, en el centro del pa\u00eds.<\/p>\n<p>Para muchos, se trata de la segunda vez que se han enfrentado con una inundaci\u00f3n desde el mes de mayo, en un fen\u00f3meno que est\u00e1 \u00abafectando gravemente la capacidad de la gente para sobrevivir\u00bb, ha lamentado el coordinador en funciones de Naciones Unidas en Sud\u00e1n del Sur, Arafat Jamal.<\/p>\n<p>\u00abLo que est\u00e1 ocurriendo en Ayod es un ejemplo angustioso de c\u00f3mo el cambio clim\u00e1tico est\u00e1 alterando los patrones normales y intensifica los efectos de las inundaciones, dejando a las personas desorientadas y despose\u00eddas\u00bb, ha a\u00f1adido.<\/p>\n<p>De momento, un equipo humanitario se encuentra ya en el condado para evaluar lo que describen como una situaci\u00f3n catastr\u00f3fica, y para estudiar la colocaci\u00f3n de nuevos diques capaces de contener las crecidas<\/p>\n<p>Al menos nueve personas han muerto en estas lluvias torrenciales e inundaciones que han sacudido el c\u00e9ntrico estado de Unidad y los condados mencionados, as\u00ed como el de Rubkona, cuyo gobernador, Gatluak Whichar Nyak, ha reclamado a las autoridades del estado que env\u00ede balsas para rescatar a las personas que han quedado atrapadas.<\/p>\n<p>\u00abLos \u00fanicos lugares que no han quedado sepultados por las inundaciones son la sede de Rubkona, Pakur, Ding Ding, Panhial y Thawic\u00bb, ha dicho, antes de agregar que \u00abNhial Diu Payam, Charchar, Atomadol y las aldeas circundantes han quedado bajo el agua\u00bb.<\/p>\n<p>As\u00ed, ha resaltado en declaraciones concedidas a la emisora Radio Tamazuj que la situaci\u00f3n es complicada y que la poblaci\u00f3n necesita ayuda ante esta \u00abcat\u00e1strofe\u00bb. \u00abLa gente necesita una intervenci\u00f3n r\u00e1pida. La gente est\u00e1 sufriendo. No tiene comida, no tienen hogar y sus propiedades han sido trasladadas a Rubkona\u00bb, ha detallado.<\/p>\n<p>Philip Puot, administrador de Nhial Diu Payam, ha apuntado que \u00abno hay comida, medicinas ni mallas para mosquitos\u00bb. \u00abLa gente est\u00e1 durmiendo a la intemperie en la carretera principal\u00bb, ha lamentado, sin que las autoridades centrales se hayan pronunciado al respecto.<\/p>\n<p>&nbsp;<\/p>\n<p>Fuente: EUROPA PRESS<\/p>\n","protected":false},"excerpt":{"rendered":"<p>MADRID, (EUROPA PRESS) \u2013 &nbsp; Naciones Unidas ha pedido asistencia <a href=\"https:\/\/sertv.gob.pa\/nacionalfm\/la-onu-pide-ayuda-inmediata-para-los-mas-de-90-000-desplazados-por-las-inundaciones-en-sudan-del-sur\/\"> [&#8230;]<\/a><\/p>\n","protected":false},"author":9,"featured_media":72360,"comment_status":"closed","ping_status":"closed","sticky":false,"template":"","format":"standard","meta":{"footnotes":""},"categories":[3],"tags":[],"class_list":["post-72359","post","type-post","status-publish","format-standard","has-post-thumbnail","hentry","category-internacionales"],"_links":{"self":[{"href":"https:\/\/sertv.gob.pa\/nacionalfm\/wp-json\/wp\/v2\/posts\/72359","targetHints":{"allow":["GET"]}}],"collection":[{"href":"https:\/\/sertv.gob.pa\/nacionalfm\/wp-json\/wp\/v2\/posts"}],"about":[{"href":"https:\/\/sertv.gob.pa\/nacionalfm\/wp-json\/wp\/v2\/types\/post"}],"author":[{"embeddable":true,"href":"https:\/\/sertv.gob.pa\/nacionalfm\/wp-json\/wp\/v2\/users\/9"}],"replies":[{"embeddable":true,"href":"https:\/\/sertv.gob.pa\/nacionalfm\/wp-json\/wp\/v2\/comments?post=72359"}],"version-history":[{"count":1,"href":"https:\/\/sertv.gob.pa\/nacionalfm\/wp-json\/wp\/v2\/posts\/72359\/revisions"}],"predecessor-version":[{"id":72361,"href":"https:\/\/sertv.gob.pa\/nacionalfm\/wp-json\/wp\/v2\/posts\/72359\/revisions\/72361"}],"wp:featuredmedia":[{"embeddable":true,"href":"https:\/\/sertv.gob.pa\/nacionalfm\/wp-json\/wp\/v2\/media\/72360"}],"wp:attachment":[{"href":"https:\/\/sertv.gob.pa\/nacionalfm\/wp-json\/wp\/v2\/media?parent=72359"}],"wp:term":[{"taxonomy":"category","embeddable":true,"href":"https:\/\/sertv.gob.pa\/nacionalfm\/wp-json\/wp\/v2\/categories?post=72359"},{"taxonomy":"post_tag","embeddable":true,"href":"https:\/\/sertv.gob.pa\/nacionalfm\/wp-json\/wp\/v2\/tags?post=72359"}],"curies":[{"name":"wp","href":"https:\/\/api.w.org\/{rel}","templated":true}]}}