{"id":72401,"date":"2021-08-09T17:47:34","date_gmt":"2021-08-09T17:47:34","guid":{"rendered":"https:\/\/sertv.gob.pa\/nacionalfm\/?p=72401"},"modified":"2021-08-09T17:47:34","modified_gmt":"2021-08-09T17:47:34","slug":"mueren-cerca-de-50-personas-en-ataques-contra-dos-localidades-de-mali-situadas-cerca-de-la-frontera-con-niger","status":"publish","type":"post","link":"https:\/\/sertv.gob.pa\/nacionalfm\/mueren-cerca-de-50-personas-en-ataques-contra-dos-localidades-de-mali-situadas-cerca-de-la-frontera-con-niger\/","title":{"rendered":"Mueren cerca de 50 personas en ataques contra dos localidades de Mal\u00ed situadas cerca de la frontera con N\u00edger"},"content":{"rendered":"<p><strong><em>MADRID, (EUROPA PRESS) \u2013<\/em><\/strong><\/p>\n<p><strong><em>\u00a0<\/em><\/strong><\/p>\n<p>Alrededor de 50 personas murieron el domingo en una serie de ataques ejecutados por supuestos terroristas contra dos localidades de Mal\u00ed situadas cerca de la frontera con N\u00edger, seg\u00fan han confirmado este lunes fuentes locales.<\/p>\n<p>Estas fuentes, citadas por el portal maliense de noticias Malijet, han indicado que los asaltantes irrumpieron de forma simult\u00e1nea en las localidades de Karou y Ouatagouna, donde mataron a 48 personas, si bien el balance es provisional.<\/p>\n<p>Mal\u00ed y otros pa\u00edses de la regi\u00f3n del Sahel son escenario de un repunte de los ataques durante los \u00faltimos a\u00f1os, muchos de ellos ejecutados por la rama de Al Qaeda en Mal\u00ed, el Grupo de Apoyo al Islam y los Musulmanes (JNIM), y Estado Isl\u00e1mico en el Gran S\u00e1hara (ISGS), lo cual ha hecho adem\u00e1s aumentar la violencia intercomunitaria.<\/p>\n<p>En este contexto, la Uni\u00f3n Africana (UA) conden\u00f3 la semana pasada los \u00faltimos ataques terroristas en el Sahel y pidi\u00f3 a los pa\u00edses de la regi\u00f3n que \u00abmantengan la presi\u00f3n\u00bb sobre los grupos yihadistas para \u00aberradicar esta gangrena\u00bb, ante el aumento de la violencia en esta zona del continente.<\/p>\n<p>&nbsp;<\/p>\n<p>Fuente: EUROPA PRESS<\/p>\n","protected":false},"excerpt":{"rendered":"<p>MADRID, (EUROPA PRESS) \u2013 \u00a0 Alrededor de 50 personas murieron <a href=\"https:\/\/sertv.gob.pa\/nacionalfm\/mueren-cerca-de-50-personas-en-ataques-contra-dos-localidades-de-mali-situadas-cerca-de-la-frontera-con-niger\/\"> [&#8230;]<\/a><\/p>\n","protected":false},"author":9,"featured_media":72402,"comment_status":"closed","ping_status":"closed","sticky":false,"template":"","format":"standard","meta":{"footnotes":""},"categories":[3],"tags":[],"class_list":["post-72401","post","type-post","status-publish","format-standard","has-post-thumbnail","hentry","category-internacionales"],"_links":{"self":[{"href":"https:\/\/sertv.gob.pa\/nacionalfm\/wp-json\/wp\/v2\/posts\/72401","targetHints":{"allow":["GET"]}}],"collection":[{"href":"https:\/\/sertv.gob.pa\/nacionalfm\/wp-json\/wp\/v2\/posts"}],"about":[{"href":"https:\/\/sertv.gob.pa\/nacionalfm\/wp-json\/wp\/v2\/types\/post"}],"author":[{"embeddable":true,"href":"https:\/\/sertv.gob.pa\/nacionalfm\/wp-json\/wp\/v2\/users\/9"}],"replies":[{"embeddable":true,"href":"https:\/\/sertv.gob.pa\/nacionalfm\/wp-json\/wp\/v2\/comments?post=72401"}],"version-history":[{"count":1,"href":"https:\/\/sertv.gob.pa\/nacionalfm\/wp-json\/wp\/v2\/posts\/72401\/revisions"}],"predecessor-version":[{"id":72403,"href":"https:\/\/sertv.gob.pa\/nacionalfm\/wp-json\/wp\/v2\/posts\/72401\/revisions\/72403"}],"wp:featuredmedia":[{"embeddable":true,"href":"https:\/\/sertv.gob.pa\/nacionalfm\/wp-json\/wp\/v2\/media\/72402"}],"wp:attachment":[{"href":"https:\/\/sertv.gob.pa\/nacionalfm\/wp-json\/wp\/v2\/media?parent=72401"}],"wp:term":[{"taxonomy":"category","embeddable":true,"href":"https:\/\/sertv.gob.pa\/nacionalfm\/wp-json\/wp\/v2\/categories?post=72401"},{"taxonomy":"post_tag","embeddable":true,"href":"https:\/\/sertv.gob.pa\/nacionalfm\/wp-json\/wp\/v2\/tags?post=72401"}],"curies":[{"name":"wp","href":"https:\/\/api.w.org\/{rel}","templated":true}]}}