{"id":72454,"date":"2021-08-10T18:50:24","date_gmt":"2021-08-10T18:50:24","guid":{"rendered":"https:\/\/sertv.gob.pa\/nacionalfm\/?p=72454"},"modified":"2021-08-10T18:50:24","modified_gmt":"2021-08-10T18:50:24","slug":"al-menos-ocho-muertos-por-la-explosion-de-una-bomba-al-paso-de-un-autobus-en-somalia","status":"publish","type":"post","link":"https:\/\/sertv.gob.pa\/nacionalfm\/al-menos-ocho-muertos-por-la-explosion-de-una-bomba-al-paso-de-un-autobus-en-somalia\/","title":{"rendered":"Al menos ocho muertos por la explosi\u00f3n de una bomba al paso de un autob\u00fas en Somalia"},"content":{"rendered":"<p><strong><em>MOGADISCIO, (DPA\/EP) &#8211;<\/em><\/strong><\/p>\n<p>&nbsp;<\/p>\n<p>Al menos ocho civiles, entre ellos tres ni\u00f1os, han perdido la vida despu\u00e9s de que una bomba explotase al paso de un minib\u00fas en la regi\u00f3n somal\u00ed de Mudug, situada en la zona centro del pa\u00eds africano, seg\u00fan un primer balance confirmado por fuentes militares.<\/p>\n<p>Estas fuentes, consultadas por la agencia de noticias DPA, han confirmado que cuatro personas m\u00e1s han resultado heridas en este ataque, ocurrido cerca de la localidad de Beledweyne. Todos estos heridos se encuentran en estado cr\u00edtico.<\/p>\n<p>Ning\u00fan grupo ha reivindicado de forma inmediata la autor\u00eda del ataque, aunque las autoridades dan por sentada la implicaci\u00f3n de la organizaci\u00f3n terrorista Al Shabaab, vinculada a Al Qaeda y que perpetra atentados de forma recurrente tanto contra civiles como contra autoridades.<\/p>\n<p>El fin de semana, un oficial somal\u00ed sobrevivi\u00f3 a un ataque similar en la misma zona. Las Fuerzas Armadas iniciaron hace tres semanas una ofensiva en la regi\u00f3n para tratar de expulsar a los terroristas y el ministro de Seguridad, Ahmed Moalin Fiqi, estima en unas 200 las bajas provocadas hasta ahora.<\/p>\n<p>&nbsp;<\/p>\n<p>Fuente: EUROPA PRESS<\/p>\n","protected":false},"excerpt":{"rendered":"<p>MOGADISCIO, (DPA\/EP) &#8211; &nbsp; Al menos ocho civiles, entre ellos <a href=\"https:\/\/sertv.gob.pa\/nacionalfm\/al-menos-ocho-muertos-por-la-explosion-de-una-bomba-al-paso-de-un-autobus-en-somalia\/\"> [&#8230;]<\/a><\/p>\n","protected":false},"author":9,"featured_media":72455,"comment_status":"closed","ping_status":"closed","sticky":false,"template":"","format":"standard","meta":{"footnotes":""},"categories":[3],"tags":[],"class_list":["post-72454","post","type-post","status-publish","format-standard","has-post-thumbnail","hentry","category-internacionales"],"_links":{"self":[{"href":"https:\/\/sertv.gob.pa\/nacionalfm\/wp-json\/wp\/v2\/posts\/72454","targetHints":{"allow":["GET"]}}],"collection":[{"href":"https:\/\/sertv.gob.pa\/nacionalfm\/wp-json\/wp\/v2\/posts"}],"about":[{"href":"https:\/\/sertv.gob.pa\/nacionalfm\/wp-json\/wp\/v2\/types\/post"}],"author":[{"embeddable":true,"href":"https:\/\/sertv.gob.pa\/nacionalfm\/wp-json\/wp\/v2\/users\/9"}],"replies":[{"embeddable":true,"href":"https:\/\/sertv.gob.pa\/nacionalfm\/wp-json\/wp\/v2\/comments?post=72454"}],"version-history":[{"count":1,"href":"https:\/\/sertv.gob.pa\/nacionalfm\/wp-json\/wp\/v2\/posts\/72454\/revisions"}],"predecessor-version":[{"id":72456,"href":"https:\/\/sertv.gob.pa\/nacionalfm\/wp-json\/wp\/v2\/posts\/72454\/revisions\/72456"}],"wp:featuredmedia":[{"embeddable":true,"href":"https:\/\/sertv.gob.pa\/nacionalfm\/wp-json\/wp\/v2\/media\/72455"}],"wp:attachment":[{"href":"https:\/\/sertv.gob.pa\/nacionalfm\/wp-json\/wp\/v2\/media?parent=72454"}],"wp:term":[{"taxonomy":"category","embeddable":true,"href":"https:\/\/sertv.gob.pa\/nacionalfm\/wp-json\/wp\/v2\/categories?post=72454"},{"taxonomy":"post_tag","embeddable":true,"href":"https:\/\/sertv.gob.pa\/nacionalfm\/wp-json\/wp\/v2\/tags?post=72454"}],"curies":[{"name":"wp","href":"https:\/\/api.w.org\/{rel}","templated":true}]}}