{"id":72457,"date":"2021-08-10T19:05:26","date_gmt":"2021-08-10T19:05:26","guid":{"rendered":"https:\/\/sertv.gob.pa\/nacionalfm\/?p=72457"},"modified":"2021-08-10T19:05:26","modified_gmt":"2021-08-10T19:05:26","slug":"andrew-cuomo-dimite-como-gobernador-de-nueva-york-tras-las-acusaciones-de-acoso","status":"publish","type":"post","link":"https:\/\/sertv.gob.pa\/nacionalfm\/andrew-cuomo-dimite-como-gobernador-de-nueva-york-tras-las-acusaciones-de-acoso\/","title":{"rendered":"Andrew Cuomo dimite como gobernador de Nueva York tras las acusaciones de acoso"},"content":{"rendered":"<p><strong><em>MADRID, (EUROPA PRESS) &#8211;<\/em><\/strong><\/p>\n<p>El gobernador de Nueva York, Andrew Cuomo, ha anunciado que dimitir\u00e1 en un plazo de 14 d\u00edas para evitar lo que considera que ser\u00edan \u00abmeses de controversias pol\u00edticas y legales\u00bb derivadas de las investigaciones contra \u00e9l por presunto acoso sexual, que ha puesto en cuesti\u00f3n a pesar de que al mismo tiempo asume su \u00abplena responsabilidad\u00bb si alguna mujer se sinti\u00f3 molesta por sus actitudes.<\/p>\n<p>\u00abDadas las circunstancias, lo mejor que puedo hacer para ayudar es echarme a un lado y dejar que el Gobierno vuelva a gobernar\u00bb, ha dicho Cuomo en su primera comparecencia p\u00fablica tras el anuncio de la Fiscal\u00eda de unas pesquisas que han puesto en cuesti\u00f3n su trato hacia las mujeres de su entorno durante los \u00faltimos a\u00f1os.<\/p>\n<p>Cuomo ha explicado que en un momento como el actual, marcado por la pandemia de COVID-19, \u00abel gobierno tiene que estar funcionando\u00bb y no se puede \u00abgastar energ\u00eda en distracciones\u00bb, anticipando lo que est\u00e1 por venir si siguen saliendo a la luz nuevos testimonios y se estrecha el cerco judicial sobre \u00e9l.<\/p>\n<p>El gobernador se ha disculpado si alguna mujer se ha sentido ofendida por sus comportamientos, pero ha alegado que el informe de la Fiscal\u00eda, que alude a once supuestas v\u00edctimas, es \u00abfalso\u00bb. En este sentido, ha reconocido que su \u00abinstinto\u00bb inicial fue \u00abluchar\u00bb frente a una causa que considera \u00abmotivada pol\u00edticamente\u00bb.<\/p>\n<p>&nbsp;<\/p>\n<p>Fuente: EUROPA PRESS<\/p>\n","protected":false},"excerpt":{"rendered":"<p>MADRID, (EUROPA PRESS) &#8211; El gobernador de Nueva York, Andrew <a href=\"https:\/\/sertv.gob.pa\/nacionalfm\/andrew-cuomo-dimite-como-gobernador-de-nueva-york-tras-las-acusaciones-de-acoso\/\"> [&#8230;]<\/a><\/p>\n","protected":false},"author":9,"featured_media":72458,"comment_status":"closed","ping_status":"closed","sticky":false,"template":"","format":"standard","meta":{"footnotes":""},"categories":[3],"tags":[],"class_list":["post-72457","post","type-post","status-publish","format-standard","has-post-thumbnail","hentry","category-internacionales"],"_links":{"self":[{"href":"https:\/\/sertv.gob.pa\/nacionalfm\/wp-json\/wp\/v2\/posts\/72457","targetHints":{"allow":["GET"]}}],"collection":[{"href":"https:\/\/sertv.gob.pa\/nacionalfm\/wp-json\/wp\/v2\/posts"}],"about":[{"href":"https:\/\/sertv.gob.pa\/nacionalfm\/wp-json\/wp\/v2\/types\/post"}],"author":[{"embeddable":true,"href":"https:\/\/sertv.gob.pa\/nacionalfm\/wp-json\/wp\/v2\/users\/9"}],"replies":[{"embeddable":true,"href":"https:\/\/sertv.gob.pa\/nacionalfm\/wp-json\/wp\/v2\/comments?post=72457"}],"version-history":[{"count":1,"href":"https:\/\/sertv.gob.pa\/nacionalfm\/wp-json\/wp\/v2\/posts\/72457\/revisions"}],"predecessor-version":[{"id":72459,"href":"https:\/\/sertv.gob.pa\/nacionalfm\/wp-json\/wp\/v2\/posts\/72457\/revisions\/72459"}],"wp:featuredmedia":[{"embeddable":true,"href":"https:\/\/sertv.gob.pa\/nacionalfm\/wp-json\/wp\/v2\/media\/72458"}],"wp:attachment":[{"href":"https:\/\/sertv.gob.pa\/nacionalfm\/wp-json\/wp\/v2\/media?parent=72457"}],"wp:term":[{"taxonomy":"category","embeddable":true,"href":"https:\/\/sertv.gob.pa\/nacionalfm\/wp-json\/wp\/v2\/categories?post=72457"},{"taxonomy":"post_tag","embeddable":true,"href":"https:\/\/sertv.gob.pa\/nacionalfm\/wp-json\/wp\/v2\/tags?post=72457"}],"curies":[{"name":"wp","href":"https:\/\/api.w.org\/{rel}","templated":true}]}}