{"id":72512,"date":"2021-08-11T19:35:47","date_gmt":"2021-08-11T19:35:47","guid":{"rendered":"https:\/\/sertv.gob.pa\/nacionalfm\/?p=72512"},"modified":"2021-08-11T20:40:00","modified_gmt":"2021-08-11T20:40:00","slug":"eeuu-biden-convoca-en-diciembre-una-cumbre-de-lideres-sobre-democracia","status":"publish","type":"post","link":"https:\/\/sertv.gob.pa\/nacionalfm\/eeuu-biden-convoca-en-diciembre-una-cumbre-de-lideres-sobre-democracia\/","title":{"rendered":"Biden convoca en diciembre una cumbre de l\u00edderes sobre democracia"},"content":{"rendered":"<p><strong><em>MADRID, (EUROPA PRESS) \u2013<\/em><\/strong><\/p>\n<p>&nbsp;<\/p>\n<p>El presidente de Estados Unidos, Joe Biden, ha convocado en diciembre una Cumbre de L\u00edderes sobre Democracias, de la que la Casa Blanca apenas ha dado detalles sobre contenidos o asistentes, m\u00e1s all\u00e1 de decir que servir\u00e1 para defender la democracia frente al autoritarismo.<\/p>\n<p>El foro, que se celebrar\u00e1 de forma virtual entre el 9 y el 10 de diciembre, est\u00e1 llamado tambi\u00e9n a promover el respeto de los Derechos Humanos y lanzar mensajes contra la corrupci\u00f3n y a \u00e9l est\u00e1n convocados, adem\u00e1s de miembros de gobiernos, representantes de la sociedad civil y del sector privado.<\/p>\n<p>Biden cree que \u00abel desaf\u00edo de nuestro tiempo es demostrar que las democracias pueden lograr mejorar las vidas de los ciudadanos y afrontar los principales problemas a los que se enfrenta el mundo\u00bb, argumenta su oficina, que reivindica la labor de la actual Administraci\u00f3n para \u00abrevitalizar\u00bb la democracia en Estados Unidos.<\/p>\n<p>La Casa Blanca destaca en este \u00e1mbito la vacunaci\u00f3n del 70 por ciento de la poblaci\u00f3n, la aprobaci\u00f3n del plan de rescate o el progreso logrado en sectores clave como la infraestructura, pero aspira ahora a \u00abreconstruir alianzas con socios democr\u00e1ticos\u00bb para hacer un frente m\u00e1s amplio.<\/p>\n<p>Washington, que ha redoblado este tipo de mensajes desde la salida de Donald Trump del Despacho Oval, aspira a que la de diciembre no sea la \u00faltima de este tipo de cumbres, con vistas a celebrar una segunda &#8211;ya presencial&#8211; en la que se pueda pasar revista los compromisos suscritos en la primera cita.<\/p>\n<p>Fuente: EUROPA PRESS<\/p>\n<p>&nbsp;<\/p>\n","protected":false},"excerpt":{"rendered":"<p>MADRID, (EUROPA PRESS) \u2013 &nbsp; El presidente de Estados Unidos, <a href=\"https:\/\/sertv.gob.pa\/nacionalfm\/eeuu-biden-convoca-en-diciembre-una-cumbre-de-lideres-sobre-democracia\/\"> [&#8230;]<\/a><\/p>\n","protected":false},"author":9,"featured_media":71588,"comment_status":"closed","ping_status":"closed","sticky":false,"template":"","format":"standard","meta":{"footnotes":""},"categories":[3],"tags":[],"class_list":["post-72512","post","type-post","status-publish","format-standard","has-post-thumbnail","hentry","category-internacionales"],"_links":{"self":[{"href":"https:\/\/sertv.gob.pa\/nacionalfm\/wp-json\/wp\/v2\/posts\/72512","targetHints":{"allow":["GET"]}}],"collection":[{"href":"https:\/\/sertv.gob.pa\/nacionalfm\/wp-json\/wp\/v2\/posts"}],"about":[{"href":"https:\/\/sertv.gob.pa\/nacionalfm\/wp-json\/wp\/v2\/types\/post"}],"author":[{"embeddable":true,"href":"https:\/\/sertv.gob.pa\/nacionalfm\/wp-json\/wp\/v2\/users\/9"}],"replies":[{"embeddable":true,"href":"https:\/\/sertv.gob.pa\/nacionalfm\/wp-json\/wp\/v2\/comments?post=72512"}],"version-history":[{"count":2,"href":"https:\/\/sertv.gob.pa\/nacionalfm\/wp-json\/wp\/v2\/posts\/72512\/revisions"}],"predecessor-version":[{"id":72525,"href":"https:\/\/sertv.gob.pa\/nacionalfm\/wp-json\/wp\/v2\/posts\/72512\/revisions\/72525"}],"wp:featuredmedia":[{"embeddable":true,"href":"https:\/\/sertv.gob.pa\/nacionalfm\/wp-json\/wp\/v2\/media\/71588"}],"wp:attachment":[{"href":"https:\/\/sertv.gob.pa\/nacionalfm\/wp-json\/wp\/v2\/media?parent=72512"}],"wp:term":[{"taxonomy":"category","embeddable":true,"href":"https:\/\/sertv.gob.pa\/nacionalfm\/wp-json\/wp\/v2\/categories?post=72512"},{"taxonomy":"post_tag","embeddable":true,"href":"https:\/\/sertv.gob.pa\/nacionalfm\/wp-json\/wp\/v2\/tags?post=72512"}],"curies":[{"name":"wp","href":"https:\/\/api.w.org\/{rel}","templated":true}]}}