{"id":72514,"date":"2021-08-11T19:46:21","date_gmt":"2021-08-11T19:46:21","guid":{"rendered":"https:\/\/sertv.gob.pa\/nacionalfm\/?p=72514"},"modified":"2021-08-11T19:46:21","modified_gmt":"2021-08-11T19:46:21","slug":"letonia-lituania-y-polonia-blindan-sus-fronteras-a-los-migrantes-que-llegan-desde-bielorrusia","status":"publish","type":"post","link":"https:\/\/sertv.gob.pa\/nacionalfm\/letonia-lituania-y-polonia-blindan-sus-fronteras-a-los-migrantes-que-llegan-desde-bielorrusia\/","title":{"rendered":"Letonia, Lituania y Polonia blindan sus fronteras a los migrantes que llegan desde Bielorrusia"},"content":{"rendered":"<p><strong><em>MADRID, (EUROPA PRESS) \u2013<\/em><\/strong><\/p>\n<p><strong><em>\u00a0<\/em><\/strong><\/p>\n<p>Los gobiernos de Letonia, Lituania y Polonia han anunciado esta semana que blindar\u00e1n sus fronteras comunes con Bielorrusia para evitar la entrada de migrantes refugiados de \u00c1frica y Oriente Pr\u00f3ximo, que habr\u00eda encontrado rutas m\u00e1s seguras por territorio bielorruso.<\/p>\n<p>\u00abEl primer paso fue en direcci\u00f3n a Lituania, Letonia es el siguiente objetivo (&#8230;) no debemos permitir a los migrantes que llegaron a Bielorrusia cruzar ilegalmente nuestra frontera, es el l\u00edmite de la Uni\u00f3n Europea\u00bb, ha se\u00f1alado el primer ministro let\u00f3n, Krisjanis Karins.<\/p>\n<p>\u00abVamos a actuar de forma muy resolutiva\u00bb, ha enfatizado Karins, quien acusa a Bielorrusa de agudizar una \u00abguerra h\u00edbrida\u00bb contra la Uni\u00f3n Europea, a cuyas sanciones contra Bielorrusa, su presidente, Alexandr Lukashenko, respondi\u00f3 asegurando que no dispon\u00eda de capacidades para acoger a estas personas.<\/p>\n<p>En este sentido tambi\u00e9n se han pronunciado las autoridades polacas, quienes este mi\u00e9rcoles ha anunciado que reforzar la frontera con Bielorrusia, pues seg\u00fan el portavoz del Gobierno, Piotr Muller, son evidentes \u00abtendencias que antes no se observaban\u00bb, como la llegada de casi ocho veces m\u00e1s de personas que en 2020.<\/p>\n<p>Seg\u00fan Varsovia, en lo que va de a\u00f1o son ya 871 personas detenidas en la frontera, por las 122 del a\u00f1o pasado, la mayor\u00eda de ellas procedentes de Irak, Afganist\u00e1n, Rep\u00fablica Democr\u00e1tica del Congo, o Camer\u00fan, quienes habr\u00edan encontrado rutas m\u00e1s fiables a trav\u00e9s del continente que atravesando el Mediterr\u00e1neo.<\/p>\n<p>En el caso de Lituania, estas personas en situaci\u00f3n irregular habr\u00edan generado disturbios en uno de los asentamientos levantados en el ciudad de Salcinikai, en el sur, llegando algunos de ellos a escapar de las instalaciones tras romper las verjas, seg\u00fan informa la Polic\u00eda lituana.<\/p>\n<p>Este campamento provisional acoge a unas 400 personas en situaci\u00f3n irregular que habr\u00eda entrado en Lituania a trav\u00e9s de Bielorrusa. En lo que va de a\u00f1o, se\u00f1alan las autoridades de Vilna, han sido detenidas 4.000 personas en la frontera.<\/p>\n<p>No obstante y pese a las quejas de los pa\u00edses del B\u00e1ltico y Polonia, el destino final de todas estas personas que huyen de los conflictos y el hambre dentro de sus pa\u00edses son otros lugares como Francia, Alemania, o Reino Unido, donde solicitan su estatus de refugiado.<\/p>\n<p>&nbsp;<\/p>\n<p>Fuente: EUROPA PRESS<\/p>\n<p>&nbsp;<\/p>\n","protected":false},"excerpt":{"rendered":"<p>MADRID, (EUROPA PRESS) \u2013 \u00a0 Los gobiernos de Letonia, Lituania <a href=\"https:\/\/sertv.gob.pa\/nacionalfm\/letonia-lituania-y-polonia-blindan-sus-fronteras-a-los-migrantes-que-llegan-desde-bielorrusia\/\"> [&#8230;]<\/a><\/p>\n","protected":false},"author":9,"featured_media":72515,"comment_status":"closed","ping_status":"closed","sticky":false,"template":"","format":"standard","meta":{"footnotes":""},"categories":[3],"tags":[],"class_list":["post-72514","post","type-post","status-publish","format-standard","has-post-thumbnail","hentry","category-internacionales"],"_links":{"self":[{"href":"https:\/\/sertv.gob.pa\/nacionalfm\/wp-json\/wp\/v2\/posts\/72514","targetHints":{"allow":["GET"]}}],"collection":[{"href":"https:\/\/sertv.gob.pa\/nacionalfm\/wp-json\/wp\/v2\/posts"}],"about":[{"href":"https:\/\/sertv.gob.pa\/nacionalfm\/wp-json\/wp\/v2\/types\/post"}],"author":[{"embeddable":true,"href":"https:\/\/sertv.gob.pa\/nacionalfm\/wp-json\/wp\/v2\/users\/9"}],"replies":[{"embeddable":true,"href":"https:\/\/sertv.gob.pa\/nacionalfm\/wp-json\/wp\/v2\/comments?post=72514"}],"version-history":[{"count":1,"href":"https:\/\/sertv.gob.pa\/nacionalfm\/wp-json\/wp\/v2\/posts\/72514\/revisions"}],"predecessor-version":[{"id":72516,"href":"https:\/\/sertv.gob.pa\/nacionalfm\/wp-json\/wp\/v2\/posts\/72514\/revisions\/72516"}],"wp:featuredmedia":[{"embeddable":true,"href":"https:\/\/sertv.gob.pa\/nacionalfm\/wp-json\/wp\/v2\/media\/72515"}],"wp:attachment":[{"href":"https:\/\/sertv.gob.pa\/nacionalfm\/wp-json\/wp\/v2\/media?parent=72514"}],"wp:term":[{"taxonomy":"category","embeddable":true,"href":"https:\/\/sertv.gob.pa\/nacionalfm\/wp-json\/wp\/v2\/categories?post=72514"},{"taxonomy":"post_tag","embeddable":true,"href":"https:\/\/sertv.gob.pa\/nacionalfm\/wp-json\/wp\/v2\/tags?post=72514"}],"curies":[{"name":"wp","href":"https:\/\/api.w.org\/{rel}","templated":true}]}}