{"id":72552,"date":"2021-08-12T17:04:37","date_gmt":"2021-08-12T17:04:37","guid":{"rendered":"https:\/\/sertv.gob.pa\/nacionalfm\/?p=72552"},"modified":"2021-08-12T17:04:37","modified_gmt":"2021-08-12T17:04:37","slug":"mueren-dos-personas-por-las-inundaciones-desencadenadas-por-las-lluvias-torrenciales-en-el-norte-de-turquia","status":"publish","type":"post","link":"https:\/\/sertv.gob.pa\/nacionalfm\/mueren-dos-personas-por-las-inundaciones-desencadenadas-por-las-lluvias-torrenciales-en-el-norte-de-turquia\/","title":{"rendered":"Mueren dos personas por las inundaciones desencadenadas por las lluvias torrenciales en el norte de Turqu\u00eda."},"content":{"rendered":"<p><strong><em>MADRID, (EUROPA PRESS) \u2013<\/em><\/strong><\/p>\n<p><strong><em>\u00a0<\/em><\/strong><\/p>\n<p>Al menos dos personas han muerto, dos han sido dadas por desaparecidas y trece han resultado heridas a causa de las inundaciones registradas durante la jornada del mi\u00e9rcoles en el norte de Turqu\u00eda, seg\u00fan han confirmado las autoridades.<\/p>\n<p>La Alcald\u00eda de Catalzeytin, en la provincia de Kastamonu, ha indicado que dos personas han muerto en esta ciudad a causa de un deslizamiento de tierra provocado por las fuertes lluvias en la zona, tal y como ha recogido el diario turco &#8216;Hurriyet&#8217;.<\/p>\n<p>Asimismo, una mujer de 85 ha sido dada por desaparecida despu\u00e9s de que su vivienda fuera arrasada por las inundaciones en el distrito de Ulus, en la provincia de Bertin, mientras que otra persona est\u00e1 desaparecida en el distrito de Kumluca.<\/p>\n<p>Por otra parte, trece personas resultaron heridas tras caer al vac\u00edo sus veh\u00edculos a causa del derrumbe de un puente que fue arrastrado por las inundaciones, que han provocado adem\u00e1s cortes de carreteras y suspensiones del servicio el\u00e9ctrico en zonas del norte del pa\u00eds.<\/p>\n<p>Estas inundaciones llegan en un momento en el que Turqu\u00eda hace frente a una serie de incendios desatados la semana pasada en el sur del pa\u00eds, que han devastado miles de hect\u00e1reas de terrenos y bosque y que han dejado al menos ocho muertos.<\/p>\n<p>&nbsp;<\/p>\n<p>Fuente: EUROPA PRESS<\/p>\n","protected":false},"excerpt":{"rendered":"<p>MADRID, (EUROPA PRESS) \u2013 \u00a0 Al menos dos personas han <a href=\"https:\/\/sertv.gob.pa\/nacionalfm\/mueren-dos-personas-por-las-inundaciones-desencadenadas-por-las-lluvias-torrenciales-en-el-norte-de-turquia\/\"> [&#8230;]<\/a><\/p>\n","protected":false},"author":9,"featured_media":72553,"comment_status":"closed","ping_status":"closed","sticky":false,"template":"","format":"standard","meta":{"footnotes":""},"categories":[3],"tags":[],"class_list":["post-72552","post","type-post","status-publish","format-standard","has-post-thumbnail","hentry","category-internacionales"],"_links":{"self":[{"href":"https:\/\/sertv.gob.pa\/nacionalfm\/wp-json\/wp\/v2\/posts\/72552","targetHints":{"allow":["GET"]}}],"collection":[{"href":"https:\/\/sertv.gob.pa\/nacionalfm\/wp-json\/wp\/v2\/posts"}],"about":[{"href":"https:\/\/sertv.gob.pa\/nacionalfm\/wp-json\/wp\/v2\/types\/post"}],"author":[{"embeddable":true,"href":"https:\/\/sertv.gob.pa\/nacionalfm\/wp-json\/wp\/v2\/users\/9"}],"replies":[{"embeddable":true,"href":"https:\/\/sertv.gob.pa\/nacionalfm\/wp-json\/wp\/v2\/comments?post=72552"}],"version-history":[{"count":1,"href":"https:\/\/sertv.gob.pa\/nacionalfm\/wp-json\/wp\/v2\/posts\/72552\/revisions"}],"predecessor-version":[{"id":72554,"href":"https:\/\/sertv.gob.pa\/nacionalfm\/wp-json\/wp\/v2\/posts\/72552\/revisions\/72554"}],"wp:featuredmedia":[{"embeddable":true,"href":"https:\/\/sertv.gob.pa\/nacionalfm\/wp-json\/wp\/v2\/media\/72553"}],"wp:attachment":[{"href":"https:\/\/sertv.gob.pa\/nacionalfm\/wp-json\/wp\/v2\/media?parent=72552"}],"wp:term":[{"taxonomy":"category","embeddable":true,"href":"https:\/\/sertv.gob.pa\/nacionalfm\/wp-json\/wp\/v2\/categories?post=72552"},{"taxonomy":"post_tag","embeddable":true,"href":"https:\/\/sertv.gob.pa\/nacionalfm\/wp-json\/wp\/v2\/tags?post=72552"}],"curies":[{"name":"wp","href":"https:\/\/api.w.org\/{rel}","templated":true}]}}