{"id":72601,"date":"2021-08-13T17:50:47","date_gmt":"2021-08-13T17:50:47","guid":{"rendered":"https:\/\/sertv.gob.pa\/nacionalfm\/?p=72601"},"modified":"2021-08-13T17:50:47","modified_gmt":"2021-08-13T17:50:47","slug":"estados-unidos-albergara-en-verano-de-2022-la-cumbre-de-las-americas","status":"publish","type":"post","link":"https:\/\/sertv.gob.pa\/nacionalfm\/estados-unidos-albergara-en-verano-de-2022-la-cumbre-de-las-americas\/","title":{"rendered":"Estados Unidos albergar\u00e1 en verano de 2022 la Cumbre de las Am\u00e9ricas"},"content":{"rendered":"<p><strong><em>MADRID, (EUROPA PRESS) \u2013<\/em><\/strong><\/p>\n<p><strong><em>\u00a0<\/em><\/strong><\/p>\n<p>Estados Unidos ser\u00e1 la sede de la IX Cumbre de las Am\u00e9ricas a principios de verano de 2022, un encuentro que el pa\u00eds norteamericano no organizaba desde el foro inaugural de 1994 y que llega despu\u00e9s del desplante del expresidente Donald Trump al anterior.<\/p>\n<p>Trump era uno de los invitados a la cumbre que alberg\u00f3 Per\u00fa en 2018, en el que habr\u00eda supuesto su primer viaje oficial a Am\u00e9rica Latina. Sin embargo, opt\u00f3 por enviar a su &#8216;n\u00famero dos&#8217;, Mike Pence, a un foro que, en t\u00e9rminos generales, estuvo marcado por las ausencias.<\/p>\n<p>La actual Administraci\u00f3n norteamericana ha dado muestras en estos \u00faltimos meses de querer acercarse de nuevo a Am\u00e9rica Latina y la Cumbre de las Am\u00e9ricas permitir\u00e1 al presidente, Joe Biden, ejercer de anfitri\u00f3n de otros l\u00edderes, en una ciudad a\u00fan por precisar. Este tipo de encuentros suelen celebrarse cada tres a\u00f1os, como recuerda la Casa Blanca en su nota.<\/p>\n<p>&nbsp;<\/p>\n<p>Fuente: EUROPA PRESS<\/p>\n","protected":false},"excerpt":{"rendered":"<p>MADRID, (EUROPA PRESS) \u2013 \u00a0 Estados Unidos ser\u00e1 la sede <a href=\"https:\/\/sertv.gob.pa\/nacionalfm\/estados-unidos-albergara-en-verano-de-2022-la-cumbre-de-las-americas\/\"> [&#8230;]<\/a><\/p>\n","protected":false},"author":9,"featured_media":42060,"comment_status":"closed","ping_status":"closed","sticky":false,"template":"","format":"standard","meta":{"footnotes":""},"categories":[3],"tags":[],"class_list":["post-72601","post","type-post","status-publish","format-standard","has-post-thumbnail","hentry","category-internacionales"],"_links":{"self":[{"href":"https:\/\/sertv.gob.pa\/nacionalfm\/wp-json\/wp\/v2\/posts\/72601","targetHints":{"allow":["GET"]}}],"collection":[{"href":"https:\/\/sertv.gob.pa\/nacionalfm\/wp-json\/wp\/v2\/posts"}],"about":[{"href":"https:\/\/sertv.gob.pa\/nacionalfm\/wp-json\/wp\/v2\/types\/post"}],"author":[{"embeddable":true,"href":"https:\/\/sertv.gob.pa\/nacionalfm\/wp-json\/wp\/v2\/users\/9"}],"replies":[{"embeddable":true,"href":"https:\/\/sertv.gob.pa\/nacionalfm\/wp-json\/wp\/v2\/comments?post=72601"}],"version-history":[{"count":1,"href":"https:\/\/sertv.gob.pa\/nacionalfm\/wp-json\/wp\/v2\/posts\/72601\/revisions"}],"predecessor-version":[{"id":72602,"href":"https:\/\/sertv.gob.pa\/nacionalfm\/wp-json\/wp\/v2\/posts\/72601\/revisions\/72602"}],"wp:featuredmedia":[{"embeddable":true,"href":"https:\/\/sertv.gob.pa\/nacionalfm\/wp-json\/wp\/v2\/media\/42060"}],"wp:attachment":[{"href":"https:\/\/sertv.gob.pa\/nacionalfm\/wp-json\/wp\/v2\/media?parent=72601"}],"wp:term":[{"taxonomy":"category","embeddable":true,"href":"https:\/\/sertv.gob.pa\/nacionalfm\/wp-json\/wp\/v2\/categories?post=72601"},{"taxonomy":"post_tag","embeddable":true,"href":"https:\/\/sertv.gob.pa\/nacionalfm\/wp-json\/wp\/v2\/tags?post=72601"}],"curies":[{"name":"wp","href":"https:\/\/api.w.org\/{rel}","templated":true}]}}