{"id":72647,"date":"2021-08-16T18:05:57","date_gmt":"2021-08-16T18:05:57","guid":{"rendered":"https:\/\/sertv.gob.pa\/nacionalfm\/?p=72647"},"modified":"2021-08-16T18:05:57","modified_gmt":"2021-08-16T18:05:57","slug":"el-caos-se-apodera-del-aeropuerto-de-kabul-con-intentos-desesperados-para-salir","status":"publish","type":"post","link":"https:\/\/sertv.gob.pa\/nacionalfm\/el-caos-se-apodera-del-aeropuerto-de-kabul-con-intentos-desesperados-para-salir\/","title":{"rendered":"El caos se apodera del aeropuerto de Kabul, con intentos desesperados para salir"},"content":{"rendered":"<p>Decenas de personas intentan encaramarse a un avi\u00f3n estadounidense en pleno despegue<\/p>\n<p>&nbsp;<\/p>\n<p><strong><em>MADRID, (EUROPA PRESS) &#8211;<\/em><\/strong><\/p>\n<p>El aeropuerto internacional de Kabul ha suspendido todos los vuelos comerciales ante la situaci\u00f3n de caos que se ha vivido en las \u00faltimas horas en la capital afgana, que ha derivado en una presencia masiva en el aer\u00f3dromo de ciudadanos que buscan una v\u00eda de escape ante el avance talib\u00e1n.<\/p>\n<p>Despu\u00e9s de horas de confusi\u00f3n, finalmente las autoridades de aviaci\u00f3n civil han confirmado que no saldr\u00e1 ning\u00fan vuelo comercial por el momento del Aeropuerto Internacional Hamid Karzai. Asimismo, han instado a la ciudadan\u00eda a evitar generar multitudes, seg\u00fan medios locales.<\/p>\n<p>La OTAN inform\u00f3 el domingo de trabajos para garantizar la seguridad del aeropuerto, punto clave de evacuaci\u00f3n para las delegaciones y ciudadanos extranjeros que intentan abandonar el pa\u00eds. Las fuerzas de Estados Unidos tambi\u00e9n se han desplegado en las instalaciones, en el marco de un operativo en el que participan 6.000 efectivos norteamericanos.<\/p>\n<p>Las im\u00e1genes difundidas por los medios muestran a cientos de personas en el aer\u00f3dromo, de donde llegan informaciones confusas que hablan de posibles disparos. Una fuente citada por la agencia de noticias rusa Sputnik habla ya de varios muertos, que ser\u00edan al menos tres seg\u00fan &#8216;The Wall Street Journal&#8217;.<\/p>\n<p>Asimismo, portales como Tolo News se han hecho eco de los intentos desesperados de decenas de personas por encaramarse a un avi\u00f3n de la Fuerza A\u00e9rea de Estados Unidos en el momento del despegue. Seg\u00fan este medio, varias personas habr\u00edan muerto tras caer al vac\u00edo cuando la aeronave comenz\u00f3 a tomar altura.<\/p>\n<p>La situaci\u00f3n se ha precipitado tras la llegada de los talib\u00e1n a Kabul, que ha supuesto la ca\u00edda &#8216;de facto&#8217; del actual Gobierno y la hu\u00edda del pa\u00eds del presidente, Ashraf Ghani. Los insurgentes se han hecho con el control de la mayor\u00eda del pa\u00eds en menos de dos semanas.<\/p>\n<p><strong>EVACUACIONES ACELERADAS<\/strong><\/p>\n<p>El Gobierno de Espa\u00f1a ha anunciado el env\u00edo dos aviones a Dub\u00e1i para repatriar a los espa\u00f1oles y traductores afganos, algo que tambi\u00e9n han hecho otros pa\u00edses como Alemania, que ha completado este lunes la fase inicial de la evacuaci\u00f3n con la llegada de los primeros ciudadanos a Doha, seg\u00fan fuentes citadas por la agencia DPA.<\/p>\n<p>La ministra de Defensa de Francia, Florence Parly, ha informado igualmente del inicio de una gran campa\u00f1a de traslados, con vistas a que haya varias \u00abrotaciones\u00bb entre Afganist\u00e1n y Emiratos \u00c1rabes Unidos para agilizar la evacuaci\u00f3n de los ciudadanos galos.<\/p>\n<p>Por parte de Italia, este lunes se espera la llegada a Roma de un primer vuelo con 50 nacionales italianos y 20 antiguos colaboradores, seg\u00fan fuentes de Defensa citadas por Adnkronos. El ministro de Exteriores, Luigi Di Maio, ha explicado que s\u00f3lo quedar\u00e1 en Kabul una representaci\u00f3n diplom\u00e1tica m\u00ednima.<\/p>\n<p>&nbsp;<\/p>\n<p>Fuente: EUROPA PRESS<\/p>\n","protected":false},"excerpt":{"rendered":"<p>Decenas de personas intentan encaramarse a un avi\u00f3n estadounidense en <a href=\"https:\/\/sertv.gob.pa\/nacionalfm\/el-caos-se-apodera-del-aeropuerto-de-kabul-con-intentos-desesperados-para-salir\/\"> [&#8230;]<\/a><\/p>\n","protected":false},"author":9,"featured_media":72648,"comment_status":"closed","ping_status":"closed","sticky":false,"template":"","format":"standard","meta":{"footnotes":""},"categories":[3],"tags":[],"class_list":["post-72647","post","type-post","status-publish","format-standard","has-post-thumbnail","hentry","category-internacionales"],"_links":{"self":[{"href":"https:\/\/sertv.gob.pa\/nacionalfm\/wp-json\/wp\/v2\/posts\/72647","targetHints":{"allow":["GET"]}}],"collection":[{"href":"https:\/\/sertv.gob.pa\/nacionalfm\/wp-json\/wp\/v2\/posts"}],"about":[{"href":"https:\/\/sertv.gob.pa\/nacionalfm\/wp-json\/wp\/v2\/types\/post"}],"author":[{"embeddable":true,"href":"https:\/\/sertv.gob.pa\/nacionalfm\/wp-json\/wp\/v2\/users\/9"}],"replies":[{"embeddable":true,"href":"https:\/\/sertv.gob.pa\/nacionalfm\/wp-json\/wp\/v2\/comments?post=72647"}],"version-history":[{"count":1,"href":"https:\/\/sertv.gob.pa\/nacionalfm\/wp-json\/wp\/v2\/posts\/72647\/revisions"}],"predecessor-version":[{"id":72649,"href":"https:\/\/sertv.gob.pa\/nacionalfm\/wp-json\/wp\/v2\/posts\/72647\/revisions\/72649"}],"wp:featuredmedia":[{"embeddable":true,"href":"https:\/\/sertv.gob.pa\/nacionalfm\/wp-json\/wp\/v2\/media\/72648"}],"wp:attachment":[{"href":"https:\/\/sertv.gob.pa\/nacionalfm\/wp-json\/wp\/v2\/media?parent=72647"}],"wp:term":[{"taxonomy":"category","embeddable":true,"href":"https:\/\/sertv.gob.pa\/nacionalfm\/wp-json\/wp\/v2\/categories?post=72647"},{"taxonomy":"post_tag","embeddable":true,"href":"https:\/\/sertv.gob.pa\/nacionalfm\/wp-json\/wp\/v2\/tags?post=72647"}],"curies":[{"name":"wp","href":"https:\/\/api.w.org\/{rel}","templated":true}]}}