{"id":72650,"date":"2021-08-16T18:20:56","date_gmt":"2021-08-16T18:20:56","guid":{"rendered":"https:\/\/sertv.gob.pa\/nacionalfm\/?p=72650"},"modified":"2021-08-16T18:20:56","modified_gmt":"2021-08-16T18:20:56","slug":"la-inminente-llegada-de-una-tormenta-acelera-la-respuesta-tras-el-terremoto-en-haiti","status":"publish","type":"post","link":"https:\/\/sertv.gob.pa\/nacionalfm\/la-inminente-llegada-de-una-tormenta-acelera-la-respuesta-tras-el-terremoto-en-haiti\/","title":{"rendered":"La inminente llegada de una tormenta acelera la respuesta tras el terremoto en Hait\u00ed"},"content":{"rendered":"<p><strong><em>MADRID, (EUROPA PRESS) &#8211;<\/em><\/strong><\/p>\n<p>&nbsp;<\/p>\n<p>La depresi\u00f3n tropical &#8216;Grace&#8217; amenaza con provocar fuertes lluvias en la zona sur de Hait\u00ed, donde a\u00fan est\u00e1n activos los trabajos de b\u00fasqueda de supervivientes y de atenci\u00f3n a las v\u00edctimas del terremoto de 7,2 en la escala de Richter que provoc\u00f3 este fin de semana m\u00e1s de un millar de fallecidos.<\/p>\n<p>Las autoridades haitianas han activado una alerta amarilla ante una tormenta que se situaba este lunes al suroeste de Rep\u00fablica Dominicana y que avanzaba con vientos m\u00e1ximos sostenidos de 55 kil\u00f3metros por hora, seg\u00fan el Centro Nacional de Huracanes (CNH) de Estados Unidos, que teme tambi\u00e9n posibles estragos en Jamaica.<\/p>\n<p>La agencia de Protecci\u00f3n Civil de Hait\u00ed estima que la tormenta puede llegar a la zona sur y oeste del pa\u00eds entre este lunes por la noche y el martes de madrugada, por lo que ha emplazado a los residentes de estas zonas a prepararse y seguir las directrices que marquen las autoridades.<\/p>\n<p>El primer ministro, Ariel Henry, ha prometido que el Gobierno actuar\u00e1 \u00abcon mayor celeridad\u00bb en la respuesta tras al se\u00edsmo, por ejemplo acelerando la gesti\u00f3n de las ayudas. \u00abVamos a multiplicar por diez nuestros esfuerzos para llegar, en t\u00e9rminos de asistencia, al mayor n\u00famero de v\u00edctimas posible\u00bb, ha indicado en Twitter.<\/p>\n<p>Henry ha subrayado que \u00abante la emergencia, no hay tregua\u00bb, y ha avanzado que distintos representantes del Ejecutivo se repartir\u00e1n por las zonas damnificadas para coordinar las intervenciones y obtener una evaluaci\u00f3n \u00abm\u00e1s precisa\u00bb de las necesidades.<\/p>\n<p>El director de la ONG World Vision en el pa\u00eds caribe\u00f1o, Marcelo Viscarra, ha advertido en un comunicado de que cada vez hay menos tiempo para ayudar a la poblaci\u00f3n afectada ante la inminente llegada de &#8216;Grace&#8217;. \u00abMiles de personas permanecen en las calles buscando a sus familiares y amigos y tratando de recuperar algunas de sus posesiones soterradas bajo los escombros\u00bb, ha dicho.<\/p>\n<p>La organizaci\u00f3n centra sus labores en la provisi\u00f3n de agua y purificadores, productos de higiene, nutrici\u00f3n y refugio para las familias afectadas, con especial atenci\u00f3n a los ni\u00f1os.<\/p>\n<p>&nbsp;<\/p>\n<p>Fuente: EUROPA PRESS<\/p>\n","protected":false},"excerpt":{"rendered":"<p>MADRID, (EUROPA PRESS) &#8211; &nbsp; La depresi\u00f3n tropical &#8216;Grace&#8217; amenaza <a href=\"https:\/\/sertv.gob.pa\/nacionalfm\/la-inminente-llegada-de-una-tormenta-acelera-la-respuesta-tras-el-terremoto-en-haiti\/\"> [&#8230;]<\/a><\/p>\n","protected":false},"author":9,"featured_media":72651,"comment_status":"closed","ping_status":"closed","sticky":false,"template":"","format":"standard","meta":{"footnotes":""},"categories":[3],"tags":[],"class_list":["post-72650","post","type-post","status-publish","format-standard","has-post-thumbnail","hentry","category-internacionales"],"_links":{"self":[{"href":"https:\/\/sertv.gob.pa\/nacionalfm\/wp-json\/wp\/v2\/posts\/72650","targetHints":{"allow":["GET"]}}],"collection":[{"href":"https:\/\/sertv.gob.pa\/nacionalfm\/wp-json\/wp\/v2\/posts"}],"about":[{"href":"https:\/\/sertv.gob.pa\/nacionalfm\/wp-json\/wp\/v2\/types\/post"}],"author":[{"embeddable":true,"href":"https:\/\/sertv.gob.pa\/nacionalfm\/wp-json\/wp\/v2\/users\/9"}],"replies":[{"embeddable":true,"href":"https:\/\/sertv.gob.pa\/nacionalfm\/wp-json\/wp\/v2\/comments?post=72650"}],"version-history":[{"count":1,"href":"https:\/\/sertv.gob.pa\/nacionalfm\/wp-json\/wp\/v2\/posts\/72650\/revisions"}],"predecessor-version":[{"id":72652,"href":"https:\/\/sertv.gob.pa\/nacionalfm\/wp-json\/wp\/v2\/posts\/72650\/revisions\/72652"}],"wp:featuredmedia":[{"embeddable":true,"href":"https:\/\/sertv.gob.pa\/nacionalfm\/wp-json\/wp\/v2\/media\/72651"}],"wp:attachment":[{"href":"https:\/\/sertv.gob.pa\/nacionalfm\/wp-json\/wp\/v2\/media?parent=72650"}],"wp:term":[{"taxonomy":"category","embeddable":true,"href":"https:\/\/sertv.gob.pa\/nacionalfm\/wp-json\/wp\/v2\/categories?post=72650"},{"taxonomy":"post_tag","embeddable":true,"href":"https:\/\/sertv.gob.pa\/nacionalfm\/wp-json\/wp\/v2\/tags?post=72650"}],"curies":[{"name":"wp","href":"https:\/\/api.w.org\/{rel}","templated":true}]}}