{"id":72691,"date":"2021-08-17T17:50:06","date_gmt":"2021-08-17T17:50:06","guid":{"rendered":"https:\/\/sertv.gob.pa\/nacionalfm\/?p=72691"},"modified":"2021-08-17T17:50:06","modified_gmt":"2021-08-17T17:50:06","slug":"la-onu-se-muestra-esceptica-ante-las-promesas-de-los-taliban-referentes-a-la-libertad-de-las-mujeres","status":"publish","type":"post","link":"https:\/\/sertv.gob.pa\/nacionalfm\/la-onu-se-muestra-esceptica-ante-las-promesas-de-los-taliban-referentes-a-la-libertad-de-las-mujeres\/","title":{"rendered":"La ONU se muestra \u00abesc\u00e9ptica\u00bb ante las promesas de los talib\u00e1n referentes a la libertad de las mujeres"},"content":{"rendered":"<p><strong><em>MADRID, (EUROPA PRESS) \u2013<\/em><\/strong><\/p>\n<p><strong><em>\u00a0<\/em><\/strong><\/p>\n<p>El Alto Comisionado de Naciones Unidas para los Derechos Humanos ha mostrado este martes su \u00abescepticismo\u00bb ante las promesas de los talib\u00e1n de que las mujeres podr\u00e1n trabajar y las ni\u00f1as acudir al colegio en Afganist\u00e1n, despu\u00e9s de que los insurgentes se hayan hecho con el poder en el pa\u00eds asi\u00e1tico.<\/p>\n<p>El portavoz de la oficina, Rupert Colville, tambi\u00e9n ha aludido a las garant\u00edas de los talib\u00e1n de una amnist\u00eda para todos aquellos funcionarios del gobierno afgano anterior y de que su ejecutivo ser\u00e1 \u00abinclusivo\u00bb. \u00abEstas promesas necesitan cumplirse y hasta este momento, comprensiblemente, dada la historia reciente, estas declaraciones han sido acogidas con cierto escepticismo\u00bb.<\/p>\n<p>\u00abNo obstante, se han hecho y tanto si se cumplen como si se rompen ser\u00e1 evaluado de cerca\u00bb, ha agregado, antes de recordar que el secretario general de la ONU, Ant\u00f3nio Guterres, se\u00f1al\u00f3 el lunes ante el Consejo de Seguridad que todas las partes en conflicto, incluidos los talib\u00e1n, tienen la \u00abobligaci\u00f3n\u00bb de proteger a los civiles y promover los Derechos Humanos. \u00abDeben respetar y proteger el Derecho Internacional y el Derecho Internacional Humanitario\u00bb, ha a\u00f1adido.<\/p>\n<p>En este contexto, Colville se ha referido a las \u00abescalofriantes\u00bb informaciones sobre abusos de los Derechos Humanos en Afganist\u00e1n y sobre las restricciones a los derechos de las personas, especialmente las mujeres y las ni\u00f1as, en algunas partes del pa\u00eds ahora controladas por los talib\u00e1n.<\/p>\n<p>\u00abSe siguen recibiendo esas informaciones\u00bb, ha lamentado, al tiempo que ha advertido de que \u00abel flujo de informaci\u00f3n\u00bb se ha visto \u00abinterrumpido considerablemente\u00bb y, por el momento, la ONU no puede \u00abverificarlas\u00bb.<\/p>\n<p>Colville ha puesto el foco en que el avance de los Derechos Humanos en Afganist\u00e1n en las \u00faltimas dos d\u00e9cadas ha costado \u00abmucho trabajo\u00bb y ha insistido en que los derechos de los afganos \u00abtienen que defenderse\u00bb. As\u00ed, tambi\u00e9n ha mostrado la preocupaci\u00f3n del organismo internacional acerca de la \u00abseguridad\u00bb de miles de afganos que han trabajado durante este tiempo para promover los Derechos Humanos en todo el pa\u00eds y, en consecuencia, han mejorado la vida de millones de personas.<\/p>\n<p>\u00abPedimos a la comunidad internacional que extienda todo su posible apoyo a aquellos que est\u00e1n en riesgo inminente y pedimos a los talib\u00e1n que demuestren mediante acciones, no s\u00f3lo mediante palabras, que se abordan los temores por la seguridad de tantas personas en diferentes \u00e1mbitos de la vida\u00bb, ha concluido Colville.<\/p>\n<p>Por su parte, el coordinador humanitario de la ONU en Afganist\u00e1n, Ramiz Alakbarov, ha garantizado que Naciones Unidas est\u00e1 \u00abcomprometida\u00bb con permanecer en Afganist\u00e1n y proporcionar ayuda a millones de personas que la necesitan.<\/p>\n<p>\u00abSi bien parte del personal de la ONU que no depende de ubicaci\u00f3n ha sido reubicado temporalmente, la mayor\u00eda del personal humanitario se queda para apoyar la respuesta humanitaria de acuerdo con los principios de humanidad, neutralidad, imparcialidad e independencia\u00bb, ha agregado.<\/p>\n<p>&nbsp;<\/p>\n<p>Fuente: EUROPA PRESS<\/p>\n","protected":false},"excerpt":{"rendered":"<p>MADRID, (EUROPA PRESS) \u2013 \u00a0 El Alto Comisionado de Naciones <a href=\"https:\/\/sertv.gob.pa\/nacionalfm\/la-onu-se-muestra-esceptica-ante-las-promesas-de-los-taliban-referentes-a-la-libertad-de-las-mujeres\/\"> [&#8230;]<\/a><\/p>\n","protected":false},"author":9,"featured_media":72692,"comment_status":"closed","ping_status":"closed","sticky":false,"template":"","format":"standard","meta":{"footnotes":""},"categories":[3],"tags":[],"class_list":["post-72691","post","type-post","status-publish","format-standard","has-post-thumbnail","hentry","category-internacionales"],"_links":{"self":[{"href":"https:\/\/sertv.gob.pa\/nacionalfm\/wp-json\/wp\/v2\/posts\/72691","targetHints":{"allow":["GET"]}}],"collection":[{"href":"https:\/\/sertv.gob.pa\/nacionalfm\/wp-json\/wp\/v2\/posts"}],"about":[{"href":"https:\/\/sertv.gob.pa\/nacionalfm\/wp-json\/wp\/v2\/types\/post"}],"author":[{"embeddable":true,"href":"https:\/\/sertv.gob.pa\/nacionalfm\/wp-json\/wp\/v2\/users\/9"}],"replies":[{"embeddable":true,"href":"https:\/\/sertv.gob.pa\/nacionalfm\/wp-json\/wp\/v2\/comments?post=72691"}],"version-history":[{"count":1,"href":"https:\/\/sertv.gob.pa\/nacionalfm\/wp-json\/wp\/v2\/posts\/72691\/revisions"}],"predecessor-version":[{"id":72693,"href":"https:\/\/sertv.gob.pa\/nacionalfm\/wp-json\/wp\/v2\/posts\/72691\/revisions\/72693"}],"wp:featuredmedia":[{"embeddable":true,"href":"https:\/\/sertv.gob.pa\/nacionalfm\/wp-json\/wp\/v2\/media\/72692"}],"wp:attachment":[{"href":"https:\/\/sertv.gob.pa\/nacionalfm\/wp-json\/wp\/v2\/media?parent=72691"}],"wp:term":[{"taxonomy":"category","embeddable":true,"href":"https:\/\/sertv.gob.pa\/nacionalfm\/wp-json\/wp\/v2\/categories?post=72691"},{"taxonomy":"post_tag","embeddable":true,"href":"https:\/\/sertv.gob.pa\/nacionalfm\/wp-json\/wp\/v2\/tags?post=72691"}],"curies":[{"name":"wp","href":"https:\/\/api.w.org\/{rel}","templated":true}]}}