{"id":72694,"date":"2021-08-17T18:07:09","date_gmt":"2021-08-17T18:07:09","guid":{"rendered":"https:\/\/sertv.gob.pa\/nacionalfm\/?p=72694"},"modified":"2021-08-17T18:07:09","modified_gmt":"2021-08-17T18:07:09","slug":"grace-lleva-a-haiti-lluvias-extremadamente-fuertes-en-plena-emergencia-por-el-terremoto","status":"publish","type":"post","link":"https:\/\/sertv.gob.pa\/nacionalfm\/grace-lleva-a-haiti-lluvias-extremadamente-fuertes-en-plena-emergencia-por-el-terremoto\/","title":{"rendered":"&#8216;Grace&#8217; lleva a Hait\u00ed lluvias \u00abextremadamente fuertes\u00bb en plena emergencia por el terremoto"},"content":{"rendered":"<p><strong><em>MADRID, (EUROPA PRESS) \u2013<\/em><\/strong><\/p>\n<p><strong><em>\u00a0<\/em><\/strong><\/p>\n<p>La tormenta tropical &#8216;Grace&#8217; avanza en la zona del Caribe y ha provocado ya las primeras lluvias en Hait\u00ed, donde seg\u00fan la ONU se han registrado precipitaciones \u00abextremadamente fuertes\u00bb en algunas de las zonas que ya se vieron golpeadas el s\u00e1bado por un terremoto de magnitud 7,2 en la escala de Richter.<\/p>\n<p>El Centro Nacional de Huracanes (CNH) de Estados Unidos situaba este martes a primera hora a &#8216;Grace&#8217; cerca de Jamaica, si bien su amenaza se extiende por toda la regi\u00f3n. La tormenta, que avanza con vientos m\u00e1ximos sostenidos de hasta 75 kil\u00f3metros por hora, dejar\u00e1 sobre Hait\u00ed acumulaciones de hasta 25 cent\u00edmetros de agua, con m\u00e1ximos incluso superiores a los 38 cent\u00edmetros.<\/p>\n<p>\u00abEstas lluvias fuertes pueden causar inundaciones repentinas y urbanas y posibles deslizamientos de tierra\u00bb, reza el aviso del CNH, que coincide con las advertencias lanzadas en las \u00faltimas horas por las autoridades haitianas, que temen una nueva crisis en zonas que han quedado gravemente da\u00f1adas por los fuertes temblores del fin de semana.<\/p>\n<p>La Oficina de la ONU para la Coordinaci\u00f3n de Asuntos Humanitarios (OCHA) ha alertado en su cuenta de Twitter de las primeras lluvias \u00abextremadamente fuertes\u00bb, lo que anticipa que \u00ablas operaciones de b\u00fasqueda y rescate (de las v\u00edctimas del se\u00edsmo) se ver\u00e1n afectadas\u00bb en las pr\u00f3ximas horas.<\/p>\n<p>Naciones Unidas ha reconocido que el terremoto del s\u00e1bado no alcanz\u00f3 los niveles de desastre del de 2010, que provoc\u00f3 m\u00e1s de 300.000 muertos y 1,5 millones de heridos, pero ha se\u00f1alado que su impacto fue tambi\u00e9n \u00abdevastador\u00bb. Las autoridades de Hait\u00ed han confirmado por ahora m\u00e1s de 1.400 v\u00edctimas mortales y m\u00e1s de 6.900 heridos.<\/p>\n<p>En t\u00e9rminos materiales, se estima que hay m\u00e1s de 37.000 viviendas completamente destruidas, mientras que m\u00e1s de 46.000 habr\u00edan sufrido alg\u00fan tipo de da\u00f1o. La OCHA ha recordado que ya antes de esta nueva emergencia hab\u00eda 4,4 millones de personas necesitadas de ayuda en el pa\u00eds m\u00e1s pobre del hemisferio occidental.<\/p>\n<p>La ONG M\u00e9dicos Sin Fronteras (MSF) ha realizado ya sus primeras evaluaciones de la situaci\u00f3n sobre el terreno, aunque al mismo tiempo ha admitido que \u00abpor el momento es dif\u00edcil obtener un mapa completo del desastre\u00bb. El transporte de equipos y de material m\u00e9dico constituye uno de los principales retos en un contexto de este tipo.<\/p>\n<p>\u00abNuestras prioridades actuales son, por encima de todo, obtener una idea precisa de la situaci\u00f3n m\u00e9dica y prestar atenci\u00f3n directa a los heridos cuando podamos o derivarlos a estructuras m\u00e9dicas funcionales una vez que nos aseguremos de que est\u00e1n estabilizados\u00bb, ha declarado en un comunicado la coordinadora de la organizaci\u00f3n en Hait\u00ed, Alessandra Giudiceandrea.<\/p>\n<p>En algunos centros, ha a\u00f1adido, algunos pacientes han sido evacuados por el temor a da\u00f1os estructurales en los edificios o a nuevas r\u00e9plicas. El jefe de emergencias de MSF, Michel-Olivier Lacharit\u00e9, ha se\u00f1alado que \u00abmuchos pacientes est\u00e1n al aire libre o en tiendas de campa\u00f1a\u00bb, a los que habr\u00eda que sumar \u00abtodos los haitianos que han perdido sus casas\u00bb.<\/p>\n<p>&nbsp;<\/p>\n<p>Fuente: EUROPA PRESS<\/p>\n","protected":false},"excerpt":{"rendered":"<p>MADRID, (EUROPA PRESS) \u2013 \u00a0 La tormenta tropical &#8216;Grace&#8217; avanza <a href=\"https:\/\/sertv.gob.pa\/nacionalfm\/grace-lleva-a-haiti-lluvias-extremadamente-fuertes-en-plena-emergencia-por-el-terremoto\/\"> [&#8230;]<\/a><\/p>\n","protected":false},"author":9,"featured_media":72695,"comment_status":"closed","ping_status":"closed","sticky":false,"template":"","format":"standard","meta":{"footnotes":""},"categories":[3],"tags":[],"class_list":["post-72694","post","type-post","status-publish","format-standard","has-post-thumbnail","hentry","category-internacionales"],"_links":{"self":[{"href":"https:\/\/sertv.gob.pa\/nacionalfm\/wp-json\/wp\/v2\/posts\/72694","targetHints":{"allow":["GET"]}}],"collection":[{"href":"https:\/\/sertv.gob.pa\/nacionalfm\/wp-json\/wp\/v2\/posts"}],"about":[{"href":"https:\/\/sertv.gob.pa\/nacionalfm\/wp-json\/wp\/v2\/types\/post"}],"author":[{"embeddable":true,"href":"https:\/\/sertv.gob.pa\/nacionalfm\/wp-json\/wp\/v2\/users\/9"}],"replies":[{"embeddable":true,"href":"https:\/\/sertv.gob.pa\/nacionalfm\/wp-json\/wp\/v2\/comments?post=72694"}],"version-history":[{"count":1,"href":"https:\/\/sertv.gob.pa\/nacionalfm\/wp-json\/wp\/v2\/posts\/72694\/revisions"}],"predecessor-version":[{"id":72697,"href":"https:\/\/sertv.gob.pa\/nacionalfm\/wp-json\/wp\/v2\/posts\/72694\/revisions\/72697"}],"wp:featuredmedia":[{"embeddable":true,"href":"https:\/\/sertv.gob.pa\/nacionalfm\/wp-json\/wp\/v2\/media\/72695"}],"wp:attachment":[{"href":"https:\/\/sertv.gob.pa\/nacionalfm\/wp-json\/wp\/v2\/media?parent=72694"}],"wp:term":[{"taxonomy":"category","embeddable":true,"href":"https:\/\/sertv.gob.pa\/nacionalfm\/wp-json\/wp\/v2\/categories?post=72694"},{"taxonomy":"post_tag","embeddable":true,"href":"https:\/\/sertv.gob.pa\/nacionalfm\/wp-json\/wp\/v2\/tags?post=72694"}],"curies":[{"name":"wp","href":"https:\/\/api.w.org\/{rel}","templated":true}]}}