{"id":72698,"date":"2021-08-17T18:51:32","date_gmt":"2021-08-17T18:51:32","guid":{"rendered":"https:\/\/sertv.gob.pa\/nacionalfm\/?p=72698"},"modified":"2021-08-17T18:51:32","modified_gmt":"2021-08-17T18:51:32","slug":"al-menos-37-muertos-por-un-ataque-en-el-oeste-de-niger-cerca-de-la-frontera-de-mali","status":"publish","type":"post","link":"https:\/\/sertv.gob.pa\/nacionalfm\/al-menos-37-muertos-por-un-ataque-en-el-oeste-de-niger-cerca-de-la-frontera-de-mali\/","title":{"rendered":"Al menos 37 muertos por un ataque en el oeste de N\u00edger, cerca de la frontera de Mal\u00ed"},"content":{"rendered":"<p><strong><em>MADRID, (EUROPA PRESS) \u2013<\/em><\/strong><\/p>\n<p>&nbsp;<\/p>\n<p>Al menos 37 personas, entre ellas 14 menores de edad, han muerto asesinadas en un presunto ataque terrorista perpetrado en el oeste de N\u00edger, en una localidad cercana a la frontera con Mal\u00ed, ha informado el Ministerio del Interior nigerino.<\/p>\n<p>Los hechos tuvieron lugar el lunes, cuando un grupo de personas armadas a bordo de motocicletas irrumpi\u00f3 en la localidad de Darey Dey, situada en la regi\u00f3n de Tillab\u00e9ri. Ning\u00fan grupo se ha atribuido la responsabilidad de lo ocurrido, aunque fuentes citadas por ActuNiger apuntan a Estado isl\u00e1mico en el Gran S\u00e1hara.<\/p>\n<p>La zona ya hab\u00eda sido objeto de otro ataque de similares caracter\u00edsticas en julio y, de hecho, numerosas personas habr\u00edan optado por desplazarse m\u00e1s al sur para huir de la violencia. El Ministerio del Interior, que ha condenado el \u00faltimo \u00abcrimen cobarde y b\u00e1rbaro\u00bb, ha prometido reforzar la seguridad.<\/p>\n<p>Los grupos terroristas han ganado presencia en los \u00faltimos a\u00f1os en varios pa\u00edses del Sahel, beneficiados por la falta de control de las autoridades en vastos territorios. Adem\u00e1s de Estado Isl\u00e1mico en el Gran S\u00e1hara, en N\u00edger tambi\u00e9n opera la rama de Al Qaeda en Mal\u00ed, el Grupo de Apoyo al Islam y los Musulmanes (JNIM).<\/p>\n<p>&nbsp;<\/p>\n<p>Fuente: EUROPA PRESS<\/p>\n","protected":false},"excerpt":{"rendered":"<p>MADRID, (EUROPA PRESS) \u2013 &nbsp; Al menos 37 personas, entre <a href=\"https:\/\/sertv.gob.pa\/nacionalfm\/al-menos-37-muertos-por-un-ataque-en-el-oeste-de-niger-cerca-de-la-frontera-de-mali\/\"> [&#8230;]<\/a><\/p>\n","protected":false},"author":9,"featured_media":72699,"comment_status":"closed","ping_status":"closed","sticky":false,"template":"","format":"standard","meta":{"footnotes":""},"categories":[3],"tags":[],"class_list":["post-72698","post","type-post","status-publish","format-standard","has-post-thumbnail","hentry","category-internacionales"],"_links":{"self":[{"href":"https:\/\/sertv.gob.pa\/nacionalfm\/wp-json\/wp\/v2\/posts\/72698","targetHints":{"allow":["GET"]}}],"collection":[{"href":"https:\/\/sertv.gob.pa\/nacionalfm\/wp-json\/wp\/v2\/posts"}],"about":[{"href":"https:\/\/sertv.gob.pa\/nacionalfm\/wp-json\/wp\/v2\/types\/post"}],"author":[{"embeddable":true,"href":"https:\/\/sertv.gob.pa\/nacionalfm\/wp-json\/wp\/v2\/users\/9"}],"replies":[{"embeddable":true,"href":"https:\/\/sertv.gob.pa\/nacionalfm\/wp-json\/wp\/v2\/comments?post=72698"}],"version-history":[{"count":1,"href":"https:\/\/sertv.gob.pa\/nacionalfm\/wp-json\/wp\/v2\/posts\/72698\/revisions"}],"predecessor-version":[{"id":72700,"href":"https:\/\/sertv.gob.pa\/nacionalfm\/wp-json\/wp\/v2\/posts\/72698\/revisions\/72700"}],"wp:featuredmedia":[{"embeddable":true,"href":"https:\/\/sertv.gob.pa\/nacionalfm\/wp-json\/wp\/v2\/media\/72699"}],"wp:attachment":[{"href":"https:\/\/sertv.gob.pa\/nacionalfm\/wp-json\/wp\/v2\/media?parent=72698"}],"wp:term":[{"taxonomy":"category","embeddable":true,"href":"https:\/\/sertv.gob.pa\/nacionalfm\/wp-json\/wp\/v2\/categories?post=72698"},{"taxonomy":"post_tag","embeddable":true,"href":"https:\/\/sertv.gob.pa\/nacionalfm\/wp-json\/wp\/v2\/tags?post=72698"}],"curies":[{"name":"wp","href":"https:\/\/api.w.org\/{rel}","templated":true}]}}