{"id":72755,"date":"2021-08-18T18:49:20","date_gmt":"2021-08-18T18:49:20","guid":{"rendered":"https:\/\/sertv.gob.pa\/nacionalfm\/?p=72755"},"modified":"2021-08-18T18:49:20","modified_gmt":"2021-08-18T18:49:20","slug":"la-onu-subraya-el-peligro-de-las-migraciones-por-mar-tras-la-muerte-de-47-migrantes-que-se-dirigian-a-canarias","status":"publish","type":"post","link":"https:\/\/sertv.gob.pa\/nacionalfm\/la-onu-subraya-el-peligro-de-las-migraciones-por-mar-tras-la-muerte-de-47-migrantes-que-se-dirigian-a-canarias\/","title":{"rendered":"La ONU subraya el \u00abpeligro\u00bb de las migraciones por mar tras la muerte de 47 migrantes que se dirig\u00edan a Canarias"},"content":{"rendered":"<p><strong><em>MADRID, (EUROPA PRESS) \u2013<\/em><\/strong><\/p>\n<p><strong><em>\u00a0<\/em><\/strong><\/p>\n<p>El Alto Comisionado de Naciones Unidas para los Refugiados (ACNUR) y la Organizaci\u00f3n Internacional para las Migraciones (OIM) han subrayado este mi\u00e9rcoles el \u00abpeligro\u00bb que acompa\u00f1a a las migraciones por mar, despu\u00e9s de la muerte de 47 migrantes que se dirig\u00edan a las islas Canarias, al tiempo que han remarcado la necesidad \u00aburgente\u00bb de obtener m\u00e1s apoyo para evitar este tipo de \u00abtragedias\u00bb.<\/p>\n<p>La embarcaci\u00f3n parti\u00f3 el 3 de agosto con 54 personas a bordo, tres ni\u00f1os incluidos. Despu\u00e9s de dos d\u00edas en el mar, el motor fall\u00f3 y dej\u00f3 a los ocupantes a la deriva sin comida ni agua. Cuando fueron localizados por la Guardia Costera de Mauritania, el 16 de agosto, s\u00f3lo hab\u00eda siete supervivientes en la embarcaci\u00f3n.<\/p>\n<p>Fueron trasladados a la ciudad mauritana de Nuadib\u00fa para que pudieran recibir atenci\u00f3n sanitaria. Cuatro personas en condici\u00f3n cr\u00edtica fueron llevadas a hospitales y ACNUR trabaja para proporcionarles asistencia.<\/p>\n<p>Este incidente se ha producido s\u00f3lo diez d\u00edas despu\u00e9s de que otras 40 personas murieran en la misma ruta, un n\u00famero que se a\u00f1ade a la espiral de muertes en el mar mientras m\u00e1s embarcaciones parten hacia las islas Canarias. Hasta enero de este a\u00f1o, m\u00e1s de 350 personas han fallecido en esta ruta migratoria, mientras que m\u00e1s de 8.000 han alcanzado Espa\u00f1a.<\/p>\n<p>Por otra parte, desde octubre de 2020, m\u00e1s de 1.200 personas han sido rescatadas por las autoridades mauritanas y han podido recibir atenci\u00f3n m\u00e9dica como parte de un programa de ayuda implantado por la OIM.<\/p>\n<p>Ambas agencias de Naciones Unidas han solicitado m\u00e1s apoyo para continuar sus operaciones de salvamento, en las que est\u00e1n incluida la ayuda m\u00e9dica y psicosocial.<\/p>\n<p>\u00abNuestra mayor prioridad es proporcionar alternativas viables y seguras a los peligrosos viajes que emprenden los refugiados y migrantes en el Mediterr\u00e1neo\u00bb, ha se\u00f1alado la representante de ACNUR en Mauritania, Maria Stavropoulou, antes de remarcar que ACNUR trabaja tambi\u00e9n para identificar aquellos que requieren de protecci\u00f3n internacional en estas rutas y para ayudar a los pa\u00edses que los acogen.<\/p>\n<p>Por su parte, el jefe de la misi\u00f3n de la OIM en Mauritania, Boubacar Seybou, ha mostrado la preocupaci\u00f3n del organismo porque la mayor\u00eda de los rescates en el mar acaban en detenciones administrativas.<\/p>\n<p>\u00abDe acuerdo con las recomendaciones incluidas en el Pacto Mundial para la Migraci\u00f3n, los supervivientes, que ya sufren graves traumas m\u00e9dicos y psicosociales han de contar con alternativas\u00bb, ha incidido.<\/p>\n<p>ACNUR y la OIM han urgido a la comunidad internacional a apoyar sus esfuerzos para identificar y asistir a aquellos que cuentan con protecci\u00f3n internacional y otras necesidades espec\u00edficas, para crear rutas seguras y legales, establecer alternativas a la detenci\u00f3n y fortalecer la capacidad de b\u00fasqueda y rescate en las costas de Mauritania.<\/p>\n<p>&nbsp;<\/p>\n<p>Fuente: EUROPA PRESS<\/p>\n<p>&nbsp;<\/p>\n<p>&nbsp;<\/p>\n<p>&nbsp;<\/p>\n<p>&nbsp;<\/p>\n","protected":false},"excerpt":{"rendered":"<p>MADRID, (EUROPA PRESS) \u2013 \u00a0 El Alto Comisionado de Naciones <a href=\"https:\/\/sertv.gob.pa\/nacionalfm\/la-onu-subraya-el-peligro-de-las-migraciones-por-mar-tras-la-muerte-de-47-migrantes-que-se-dirigian-a-canarias\/\"> [&#8230;]<\/a><\/p>\n","protected":false},"author":9,"featured_media":72756,"comment_status":"closed","ping_status":"closed","sticky":false,"template":"","format":"standard","meta":{"footnotes":""},"categories":[3],"tags":[],"class_list":["post-72755","post","type-post","status-publish","format-standard","has-post-thumbnail","hentry","category-internacionales"],"_links":{"self":[{"href":"https:\/\/sertv.gob.pa\/nacionalfm\/wp-json\/wp\/v2\/posts\/72755","targetHints":{"allow":["GET"]}}],"collection":[{"href":"https:\/\/sertv.gob.pa\/nacionalfm\/wp-json\/wp\/v2\/posts"}],"about":[{"href":"https:\/\/sertv.gob.pa\/nacionalfm\/wp-json\/wp\/v2\/types\/post"}],"author":[{"embeddable":true,"href":"https:\/\/sertv.gob.pa\/nacionalfm\/wp-json\/wp\/v2\/users\/9"}],"replies":[{"embeddable":true,"href":"https:\/\/sertv.gob.pa\/nacionalfm\/wp-json\/wp\/v2\/comments?post=72755"}],"version-history":[{"count":1,"href":"https:\/\/sertv.gob.pa\/nacionalfm\/wp-json\/wp\/v2\/posts\/72755\/revisions"}],"predecessor-version":[{"id":72757,"href":"https:\/\/sertv.gob.pa\/nacionalfm\/wp-json\/wp\/v2\/posts\/72755\/revisions\/72757"}],"wp:featuredmedia":[{"embeddable":true,"href":"https:\/\/sertv.gob.pa\/nacionalfm\/wp-json\/wp\/v2\/media\/72756"}],"wp:attachment":[{"href":"https:\/\/sertv.gob.pa\/nacionalfm\/wp-json\/wp\/v2\/media?parent=72755"}],"wp:term":[{"taxonomy":"category","embeddable":true,"href":"https:\/\/sertv.gob.pa\/nacionalfm\/wp-json\/wp\/v2\/categories?post=72755"},{"taxonomy":"post_tag","embeddable":true,"href":"https:\/\/sertv.gob.pa\/nacionalfm\/wp-json\/wp\/v2\/tags?post=72755"}],"curies":[{"name":"wp","href":"https:\/\/api.w.org\/{rel}","templated":true}]}}