{"id":72758,"date":"2021-08-18T18:59:12","date_gmt":"2021-08-18T18:59:12","guid":{"rendered":"https:\/\/sertv.gob.pa\/nacionalfm\/?p=72758"},"modified":"2021-08-18T18:59:12","modified_gmt":"2021-08-18T18:59:12","slug":"una-treintena-de-presos-aprovecha-el-panico-durante-el-terremoto-para-huir-de-una-carcel-en-el-sur-de-haiti","status":"publish","type":"post","link":"https:\/\/sertv.gob.pa\/nacionalfm\/una-treintena-de-presos-aprovecha-el-panico-durante-el-terremoto-para-huir-de-una-carcel-en-el-sur-de-haiti\/","title":{"rendered":"Una treintena de presos aprovecha el p\u00e1nico durante el terremoto para huir de una c\u00e1rcel en el sur de Hait\u00ed"},"content":{"rendered":"<p><strong><em>MADRID, (EUROPA PRESS) \u2013<\/em><\/strong><\/p>\n<p>&nbsp;<\/p>\n<p>La Fiscal\u00eda haitiana ha informado este mi\u00e9rcoles de la huida de una treintena de presos de un centro penitenciario de la ciudad de Les Cayes, en el sur, aprovechando el p\u00e1nico que se creo con las primeras sacudidas del devastador terremoto del pasado fin de semana y que ha dejado ya m\u00e1s de 1.900 muertos.<\/p>\n<p>El fiscal Ronald Richemond ha explicado que 28 reclusos aprovecharon el p\u00e1nico y el caos provocado por el terremoto para abrir un acceso en la parte trasera del edificio, por la que finalmente salieron, cuenta el portal de noticias Haiti24.<\/p>\n<p>El mismo d\u00eda, la Polic\u00eda haitiana frustr\u00f3 un intento de fuga similar en el centro penitenciario de la ciudad de Jacmel, en la regi\u00f3n sureste y cercana a la capital, Puerto Pr\u00edncipe.<\/p>\n<p>El pasado s\u00e1bado la zona sur de Hait\u00ed fue golpeada violentamente por un terremoto de 7,2 en la escala de Richter, dejando por el momento 1.941 muertos y cerca de 9.900 heridos. Las labores de rescate se han visto entorpecidas en las \u00faltimas horas debido a las fuertes lluvias y a las inundaciones que ha dejado a su pasado la tormenta tropical &#8216;Grace&#8217;.<\/p>\n<p>Los intentos de fuga de las c\u00e1rceles haitianas suelen ser recurrentes, ya no solo por el mal estado de algunos centros penitenciarios, sino tambi\u00e9n por la escasa preparaci\u00f3n de los funcionarios de prisiones y el peso importante que el crimen ha ido logrando ante la falta de autoridad del Estado.<\/p>\n<p>El pasado mes de marzo, m\u00e1s de 400 reclusos protagonizaron una espectacular y mort\u00edfera fuga de una c\u00e1rcel situada en el noreste de Puerto Pr\u00edncipe, dejando una treintena de fallecidos, la mayor\u00eda civiles, aunque entre ellos tambi\u00e9n se encontraba el director de la prisi\u00f3n.<\/p>\n<p>&nbsp;<\/p>\n<p>Fuente: EUROPA PRESS<\/p>\n<p>&nbsp;<\/p>\n<p>&nbsp;<\/p>\n<p>&nbsp;<\/p>\n<p>&nbsp;<\/p>\n","protected":false},"excerpt":{"rendered":"<p>MADRID, (EUROPA PRESS) \u2013 &nbsp; La Fiscal\u00eda haitiana ha informado <a href=\"https:\/\/sertv.gob.pa\/nacionalfm\/una-treintena-de-presos-aprovecha-el-panico-durante-el-terremoto-para-huir-de-una-carcel-en-el-sur-de-haiti\/\"> [&#8230;]<\/a><\/p>\n","protected":false},"author":9,"featured_media":72759,"comment_status":"closed","ping_status":"closed","sticky":false,"template":"","format":"standard","meta":{"footnotes":""},"categories":[3],"tags":[],"class_list":["post-72758","post","type-post","status-publish","format-standard","has-post-thumbnail","hentry","category-internacionales"],"_links":{"self":[{"href":"https:\/\/sertv.gob.pa\/nacionalfm\/wp-json\/wp\/v2\/posts\/72758","targetHints":{"allow":["GET"]}}],"collection":[{"href":"https:\/\/sertv.gob.pa\/nacionalfm\/wp-json\/wp\/v2\/posts"}],"about":[{"href":"https:\/\/sertv.gob.pa\/nacionalfm\/wp-json\/wp\/v2\/types\/post"}],"author":[{"embeddable":true,"href":"https:\/\/sertv.gob.pa\/nacionalfm\/wp-json\/wp\/v2\/users\/9"}],"replies":[{"embeddable":true,"href":"https:\/\/sertv.gob.pa\/nacionalfm\/wp-json\/wp\/v2\/comments?post=72758"}],"version-history":[{"count":1,"href":"https:\/\/sertv.gob.pa\/nacionalfm\/wp-json\/wp\/v2\/posts\/72758\/revisions"}],"predecessor-version":[{"id":72760,"href":"https:\/\/sertv.gob.pa\/nacionalfm\/wp-json\/wp\/v2\/posts\/72758\/revisions\/72760"}],"wp:featuredmedia":[{"embeddable":true,"href":"https:\/\/sertv.gob.pa\/nacionalfm\/wp-json\/wp\/v2\/media\/72759"}],"wp:attachment":[{"href":"https:\/\/sertv.gob.pa\/nacionalfm\/wp-json\/wp\/v2\/media?parent=72758"}],"wp:term":[{"taxonomy":"category","embeddable":true,"href":"https:\/\/sertv.gob.pa\/nacionalfm\/wp-json\/wp\/v2\/categories?post=72758"},{"taxonomy":"post_tag","embeddable":true,"href":"https:\/\/sertv.gob.pa\/nacionalfm\/wp-json\/wp\/v2\/tags?post=72758"}],"curies":[{"name":"wp","href":"https:\/\/api.w.org\/{rel}","templated":true}]}}