{"id":72761,"date":"2021-08-18T19:25:58","date_gmt":"2021-08-18T19:25:58","guid":{"rendered":"https:\/\/sertv.gob.pa\/nacionalfm\/?p=72761"},"modified":"2021-08-18T19:25:58","modified_gmt":"2021-08-18T19:25:58","slug":"ghani-insiste-desde-el-exilio-en-que-huyo-de-afganistan-para-evitar-el-derramamiento-de-sangre","status":"publish","type":"post","link":"https:\/\/sertv.gob.pa\/nacionalfm\/ghani-insiste-desde-el-exilio-en-que-huyo-de-afganistan-para-evitar-el-derramamiento-de-sangre\/","title":{"rendered":"Ghani insiste desde el exilio en que huy\u00f3 de Afganist\u00e1n para evitar el derramamiento de sangre"},"content":{"rendered":"<p><strong><em>MADRID, (EUROPA PRESS) &#8211;<\/em><\/strong><\/p>\n<p>El presidente de Afganist\u00e1n, Ashraf Ghani, ha hablado este mi\u00e9rcoles por primera desde su exilio en Emiratos \u00c1rabes Unidos tras su hu\u00edda de Afganist\u00e1n y ha insistido en que tom\u00f3 esa decisi\u00f3n para evitar un derramamiento de sangre y que el pa\u00eds sufriera una cat\u00e1strofe como las de Yemen o Siria.<\/p>\n<p>\u00abNo quer\u00eda que comenzara el derramamiento de sangre en Kabul como hab\u00eda sucedido en Siria y Yemen. As\u00ed que decid\u00ed irme, dejar Kabul. Si me hubiera quedado como presidente de Afganist\u00e1n, la gente habr\u00eda sido ahorcada y esto habr\u00eda sido un terrible desastre para nuestra historia\u00bb ha asegurado Ghani.<\/p>\n<p>El presidente afgano, cuyo paradero ha sido confirmado horas antes por Emiratos \u00c1rabes Unidos, ha comparecido por primera vez desde la toma de Kabul a trav\u00e9s de un mensaje grabado que ha sido difundido por su p\u00e1gina de Facebook.<\/p>\n<p>\u00abNo temo a una muerte honorable y deshonrar a Afganist\u00e1n no era aceptable para m\u00ed, pero ten\u00eda que hacerlo. Me sacaron para evitar el derramamiento de sangre y la destrucci\u00f3n\u00bb, ha insistido Ghani, quien ha contado que por la rapidez con la que se produjeron los acontecimientos han quedado atr\u00e1s \u00abdocumentos confidenciales\u00bb.<\/p>\n<p>A su vez, ha desmentido que haya huido llev\u00e1ndose consigo dinero de la tesorer\u00eda nacional, tal y como ha denunciado horas antes el embajador afgano en Tayikist\u00e1n, Mohammed Zahir Agbar, quien le acus\u00f3 de robar 169 millones de d\u00f3lares.<\/p>\n<p>Ghani ha explicado que basta con hablar con \u00ablos funcionarios de aduanas y otras autoridades\u00bb para comprobar que dichas acusaciones son \u00abcompletamente infundadas\u00bb y solo buscan su \u00abmuerte pol\u00edtica\u00bb y acabar con su reputaci\u00f3n.<\/p>\n<p>El todav\u00eda presidente de Afganist\u00e1n abandon\u00f3 el pa\u00eds el domingo, coincidiendo con la entrada en Kabul de los talib\u00e1n, que en poco m\u00e1s de una semana se hicieron con el control de la mayor\u00eda de las provincias afganas.<\/p>\n<p>Ghani ha prometido seguir sirviendo a Afganist\u00e1n, pero los talib\u00e1n negocian ya un posible gobierno de transici\u00f3n con autoridades locales lideradas por el expresidente Hamid Karzai y el principal representante en el di\u00e1logo de paz de Doha, Abdul\u00e1 Abdul\u00e1.<\/p>\n<p>&nbsp;<\/p>\n<p>Fuente: EUROPA PRESS<\/p>\n","protected":false},"excerpt":{"rendered":"<p>MADRID, (EUROPA PRESS) &#8211; El presidente de Afganist\u00e1n, Ashraf Ghani, <a href=\"https:\/\/sertv.gob.pa\/nacionalfm\/ghani-insiste-desde-el-exilio-en-que-huyo-de-afganistan-para-evitar-el-derramamiento-de-sangre\/\"> [&#8230;]<\/a><\/p>\n","protected":false},"author":9,"featured_media":72762,"comment_status":"closed","ping_status":"closed","sticky":false,"template":"","format":"standard","meta":{"footnotes":""},"categories":[3],"tags":[],"class_list":["post-72761","post","type-post","status-publish","format-standard","has-post-thumbnail","hentry","category-internacionales"],"_links":{"self":[{"href":"https:\/\/sertv.gob.pa\/nacionalfm\/wp-json\/wp\/v2\/posts\/72761","targetHints":{"allow":["GET"]}}],"collection":[{"href":"https:\/\/sertv.gob.pa\/nacionalfm\/wp-json\/wp\/v2\/posts"}],"about":[{"href":"https:\/\/sertv.gob.pa\/nacionalfm\/wp-json\/wp\/v2\/types\/post"}],"author":[{"embeddable":true,"href":"https:\/\/sertv.gob.pa\/nacionalfm\/wp-json\/wp\/v2\/users\/9"}],"replies":[{"embeddable":true,"href":"https:\/\/sertv.gob.pa\/nacionalfm\/wp-json\/wp\/v2\/comments?post=72761"}],"version-history":[{"count":1,"href":"https:\/\/sertv.gob.pa\/nacionalfm\/wp-json\/wp\/v2\/posts\/72761\/revisions"}],"predecessor-version":[{"id":72763,"href":"https:\/\/sertv.gob.pa\/nacionalfm\/wp-json\/wp\/v2\/posts\/72761\/revisions\/72763"}],"wp:featuredmedia":[{"embeddable":true,"href":"https:\/\/sertv.gob.pa\/nacionalfm\/wp-json\/wp\/v2\/media\/72762"}],"wp:attachment":[{"href":"https:\/\/sertv.gob.pa\/nacionalfm\/wp-json\/wp\/v2\/media?parent=72761"}],"wp:term":[{"taxonomy":"category","embeddable":true,"href":"https:\/\/sertv.gob.pa\/nacionalfm\/wp-json\/wp\/v2\/categories?post=72761"},{"taxonomy":"post_tag","embeddable":true,"href":"https:\/\/sertv.gob.pa\/nacionalfm\/wp-json\/wp\/v2\/tags?post=72761"}],"curies":[{"name":"wp","href":"https:\/\/api.w.org\/{rel}","templated":true}]}}