{"id":72795,"date":"2021-08-19T17:21:13","date_gmt":"2021-08-19T17:21:13","guid":{"rendered":"https:\/\/sertv.gob.pa\/nacionalfm\/?p=72795"},"modified":"2021-08-19T17:21:13","modified_gmt":"2021-08-19T17:21:13","slug":"asciende-a-mas-de-2-000-los-muertos-y-a-mas-de-12-000-los-heridos-por-el-terremoto-de-haiti","status":"publish","type":"post","link":"https:\/\/sertv.gob.pa\/nacionalfm\/asciende-a-mas-de-2-000-los-muertos-y-a-mas-de-12-000-los-heridos-por-el-terremoto-de-haiti\/","title":{"rendered":"Asciende a m\u00e1s de 2.000 los muertos y a m\u00e1s de 12.000 los heridos por el terremoto de Hait\u00ed"},"content":{"rendered":"<p>UNICEF estima que m\u00e1s de 1,2 millones de personas est\u00e1n afectadas por el terremoto<\/p>\n<p><em>MADRID, (EUROPA PRESS) &#8211;<\/em><\/p>\n<p>El balance de damnificados por el devastador terremoto que sacudi\u00f3 Hait\u00ed el fin de semana pasado ha ascendido a 2.189 muertos y a 12.268 heridos.<\/p>\n<p>Protecci\u00f3n Civil ha informado de que la mayor\u00eda de las muertes se han registrado en el departamento Sur, 1.832 concretamente, y el resto en Grand&#8217;Anse y Nippes, 218 y 137 respectivamente, y dos m\u00e1s en Noroeste.<\/p>\n<p>Asimismo, ha indicado que la mayor parte de los heridos se encuentra en Sur, al menos 9.158, y que hay 332 personas desaparecidas.<\/p>\n<p>A los estragos del terremoto, se suman los da\u00f1os por las fuertes lluvias de la tormenta tropical &#8216;Grace&#8217;, que han dificultado las labores de rescate.<\/p>\n<p>El Fondo de Naciones Unidas para la Infancia (UNICEF) ha estimado que alrededor de 1,2 millones de personas, incluidos 540.000 ni\u00f1os, est\u00e1n afectadas por el terremoto y que medio mill\u00f3n de ni\u00f1os tienen acceso limitado o nulo a servicios b\u00e1sicos.<\/p>\n<p>El representante de UNICEF en Hait\u00ed, Bruno Maes, ha advertido sobre la tr\u00e1gica situaci\u00f3n de los ni\u00f1os haitanos y ha destacado los da\u00f1os que han sufrido las escuelas.<\/p>\n<p>\u00abSer\u00e1 extremadamente dif\u00edcil para los padres, los maestros y el gobierno lograr que los ni\u00f1os regresen a la escuela de manera segura en s\u00f3lo tres semanas a partir de ahora\u00bb, ha dicho en un comunicado.<\/p>\n<p>&nbsp;<\/p>\n<p>Fuente: EUROPA PRESS<\/p>\n<p>&nbsp;<\/p>\n","protected":false},"excerpt":{"rendered":"<p>UNICEF estima que m\u00e1s de 1,2 millones de personas est\u00e1n <a href=\"https:\/\/sertv.gob.pa\/nacionalfm\/asciende-a-mas-de-2-000-los-muertos-y-a-mas-de-12-000-los-heridos-por-el-terremoto-de-haiti\/\"> [&#8230;]<\/a><\/p>\n","protected":false},"author":9,"featured_media":72796,"comment_status":"closed","ping_status":"closed","sticky":false,"template":"","format":"standard","meta":{"footnotes":""},"categories":[3],"tags":[],"class_list":["post-72795","post","type-post","status-publish","format-standard","has-post-thumbnail","hentry","category-internacionales"],"_links":{"self":[{"href":"https:\/\/sertv.gob.pa\/nacionalfm\/wp-json\/wp\/v2\/posts\/72795","targetHints":{"allow":["GET"]}}],"collection":[{"href":"https:\/\/sertv.gob.pa\/nacionalfm\/wp-json\/wp\/v2\/posts"}],"about":[{"href":"https:\/\/sertv.gob.pa\/nacionalfm\/wp-json\/wp\/v2\/types\/post"}],"author":[{"embeddable":true,"href":"https:\/\/sertv.gob.pa\/nacionalfm\/wp-json\/wp\/v2\/users\/9"}],"replies":[{"embeddable":true,"href":"https:\/\/sertv.gob.pa\/nacionalfm\/wp-json\/wp\/v2\/comments?post=72795"}],"version-history":[{"count":1,"href":"https:\/\/sertv.gob.pa\/nacionalfm\/wp-json\/wp\/v2\/posts\/72795\/revisions"}],"predecessor-version":[{"id":72797,"href":"https:\/\/sertv.gob.pa\/nacionalfm\/wp-json\/wp\/v2\/posts\/72795\/revisions\/72797"}],"wp:featuredmedia":[{"embeddable":true,"href":"https:\/\/sertv.gob.pa\/nacionalfm\/wp-json\/wp\/v2\/media\/72796"}],"wp:attachment":[{"href":"https:\/\/sertv.gob.pa\/nacionalfm\/wp-json\/wp\/v2\/media?parent=72795"}],"wp:term":[{"taxonomy":"category","embeddable":true,"href":"https:\/\/sertv.gob.pa\/nacionalfm\/wp-json\/wp\/v2\/categories?post=72795"},{"taxonomy":"post_tag","embeddable":true,"href":"https:\/\/sertv.gob.pa\/nacionalfm\/wp-json\/wp\/v2\/tags?post=72795"}],"curies":[{"name":"wp","href":"https:\/\/api.w.org\/{rel}","templated":true}]}}