{"id":72798,"date":"2021-08-19T17:28:04","date_gmt":"2021-08-19T17:28:04","guid":{"rendered":"https:\/\/sertv.gob.pa\/nacionalfm\/?p=72798"},"modified":"2021-08-19T17:28:04","modified_gmt":"2021-08-19T17:28:04","slug":"la-policia-de-eeuu-investiga-un-vehiculo-supuestamente-cargado-de-explosivos-cerca-del-capitolio","status":"publish","type":"post","link":"https:\/\/sertv.gob.pa\/nacionalfm\/la-policia-de-eeuu-investiga-un-vehiculo-supuestamente-cargado-de-explosivos-cerca-del-capitolio\/","title":{"rendered":"La Polic\u00eda de EEUU investiga un veh\u00edculo supuestamente cargado de explosivos cerca del Capitolio"},"content":{"rendered":"<p><strong><em>MADRID, (EUROPA PRESS) &#8211;<\/em><\/strong><\/p>\n<p>La Polic\u00eda del Capitolio de Estados Unidos investiga un veh\u00edculo supuestamente cargado con explosivos cerca del edificio, seg\u00fan ha trasladado a trav\u00e9s de su cuenta en la red social Twitter.<\/p>\n<p>En concreto, el veh\u00edculo est\u00e1 aparcado cerca de la Biblioteca del Congreso estadounidense y la investigaci\u00f3n contin\u00faa \u00aben marcha\u00bb. \u00abEstamos vigilando la situaci\u00f3n estrechamente\u00bb, ha se\u00f1alado la Polic\u00eda del Capitolio, que ha pedido a la ciudadan\u00eda evitar la zona e informarse a trav\u00e9s de la cuenta en la red social.<\/p>\n<p>Seg\u00fan la cadena de televisi\u00f3n CNN, la Polic\u00eda ha enviado negociadores para tratar con un hombre que est\u00e1 en el veh\u00edculo, un cami\u00f3n. Las autoridades han pedido al personal del Congreso que se refugien en sus oficinas, informa el citado medio.<\/p>\n<p>&nbsp;<\/p>\n<p>Fuente: EUROPA PRESS<\/p>\n<p>&nbsp;<\/p>\n","protected":false},"excerpt":{"rendered":"<p>MADRID, (EUROPA PRESS) &#8211; La Polic\u00eda del Capitolio de Estados <a href=\"https:\/\/sertv.gob.pa\/nacionalfm\/la-policia-de-eeuu-investiga-un-vehiculo-supuestamente-cargado-de-explosivos-cerca-del-capitolio\/\"> [&#8230;]<\/a><\/p>\n","protected":false},"author":9,"featured_media":72799,"comment_status":"closed","ping_status":"closed","sticky":false,"template":"","format":"standard","meta":{"footnotes":""},"categories":[3],"tags":[],"class_list":["post-72798","post","type-post","status-publish","format-standard","has-post-thumbnail","hentry","category-internacionales"],"_links":{"self":[{"href":"https:\/\/sertv.gob.pa\/nacionalfm\/wp-json\/wp\/v2\/posts\/72798","targetHints":{"allow":["GET"]}}],"collection":[{"href":"https:\/\/sertv.gob.pa\/nacionalfm\/wp-json\/wp\/v2\/posts"}],"about":[{"href":"https:\/\/sertv.gob.pa\/nacionalfm\/wp-json\/wp\/v2\/types\/post"}],"author":[{"embeddable":true,"href":"https:\/\/sertv.gob.pa\/nacionalfm\/wp-json\/wp\/v2\/users\/9"}],"replies":[{"embeddable":true,"href":"https:\/\/sertv.gob.pa\/nacionalfm\/wp-json\/wp\/v2\/comments?post=72798"}],"version-history":[{"count":1,"href":"https:\/\/sertv.gob.pa\/nacionalfm\/wp-json\/wp\/v2\/posts\/72798\/revisions"}],"predecessor-version":[{"id":72800,"href":"https:\/\/sertv.gob.pa\/nacionalfm\/wp-json\/wp\/v2\/posts\/72798\/revisions\/72800"}],"wp:featuredmedia":[{"embeddable":true,"href":"https:\/\/sertv.gob.pa\/nacionalfm\/wp-json\/wp\/v2\/media\/72799"}],"wp:attachment":[{"href":"https:\/\/sertv.gob.pa\/nacionalfm\/wp-json\/wp\/v2\/media?parent=72798"}],"wp:term":[{"taxonomy":"category","embeddable":true,"href":"https:\/\/sertv.gob.pa\/nacionalfm\/wp-json\/wp\/v2\/categories?post=72798"},{"taxonomy":"post_tag","embeddable":true,"href":"https:\/\/sertv.gob.pa\/nacionalfm\/wp-json\/wp\/v2\/tags?post=72798"}],"curies":[{"name":"wp","href":"https:\/\/api.w.org\/{rel}","templated":true}]}}