{"id":72851,"date":"2021-08-20T17:29:45","date_gmt":"2021-08-20T17:29:45","guid":{"rendered":"https:\/\/sertv.gob.pa\/nacionalfm\/?p=72851"},"modified":"2021-08-20T17:29:45","modified_gmt":"2021-08-20T17:29:45","slug":"aumentan-a-80-los-muertos-por-el-ataque-yihadista-de-esta-semana-en-el-norte-de-burkina-faso","status":"publish","type":"post","link":"https:\/\/sertv.gob.pa\/nacionalfm\/aumentan-a-80-los-muertos-por-el-ataque-yihadista-de-esta-semana-en-el-norte-de-burkina-faso\/","title":{"rendered":"Aumentan a 80 los muertos por el ataque yihadista de esta semana en el norte de Burkina Faso"},"content":{"rendered":"<p><strong><em>MADRID, (EUROPA PRESS) \u2013<\/em><\/strong><\/p>\n<p>&nbsp;<\/p>\n<p>Al menos 65 civiles, 15 gendarmes y 6 auxiliares de las Fuerzas Armadas de Burkina Faso murieron el ataque yihadista perpetrado el mi\u00e9rcoles en el norte del pa\u00eds, seg\u00fan el \u00faltimo balance oficial de un incidente que ha llevado al Gobierno burkin\u00e9s a declarar tres d\u00edas de luto.<\/p>\n<p>El ataque ocurri\u00f3 a unos veinte kil\u00f3metros de Arbinda contra un convoy mixto de unos 80 veh\u00edculos con militares y civiles. La presencia de estos \u00faltimos imposibilit\u00f3 que las fuerzas de seguridad actuaran con la dureza necesaria para repeler a tiempo a los yihadistas, seg\u00fan las fuentes de Radio France Internationale (RFI), encargadas de dar las nuevas cifras.<\/p>\n<p>Burkina Faso ha experimentado un aumento significativo de los ataques terroristas desde 2015, incluido el perpetrado en abril de 2021 que se sald\u00f3 con la muerte de los periodistas espa\u00f1oles David Beri\u00e1in y Roberto Fraile, as\u00ed como al ciudadano irland\u00e9s Rory Young.<\/p>\n<p>El aumento de los ataques por parte de los grupos yihadistas ha provocado una cifra \u00abr\u00e9cord\u00bb de desplazados internos en Burkina Faso, con un total de 1,3 millones de personas en cerca de dos a\u00f1os, seg\u00fan los datos facilitados en julio por el Alto Comisionado de Naciones Unidas para los Refugiados (ACNUR).<\/p>\n<p>&nbsp;<\/p>\n<p>Fuente: EUROPA PRESS<\/p>\n","protected":false},"excerpt":{"rendered":"<p>MADRID, (EUROPA PRESS) \u2013 &nbsp; Al menos 65 civiles, 15 <a href=\"https:\/\/sertv.gob.pa\/nacionalfm\/aumentan-a-80-los-muertos-por-el-ataque-yihadista-de-esta-semana-en-el-norte-de-burkina-faso\/\"> [&#8230;]<\/a><\/p>\n","protected":false},"author":9,"featured_media":72852,"comment_status":"closed","ping_status":"closed","sticky":false,"template":"","format":"standard","meta":{"footnotes":""},"categories":[3],"tags":[],"class_list":["post-72851","post","type-post","status-publish","format-standard","has-post-thumbnail","hentry","category-internacionales"],"_links":{"self":[{"href":"https:\/\/sertv.gob.pa\/nacionalfm\/wp-json\/wp\/v2\/posts\/72851","targetHints":{"allow":["GET"]}}],"collection":[{"href":"https:\/\/sertv.gob.pa\/nacionalfm\/wp-json\/wp\/v2\/posts"}],"about":[{"href":"https:\/\/sertv.gob.pa\/nacionalfm\/wp-json\/wp\/v2\/types\/post"}],"author":[{"embeddable":true,"href":"https:\/\/sertv.gob.pa\/nacionalfm\/wp-json\/wp\/v2\/users\/9"}],"replies":[{"embeddable":true,"href":"https:\/\/sertv.gob.pa\/nacionalfm\/wp-json\/wp\/v2\/comments?post=72851"}],"version-history":[{"count":1,"href":"https:\/\/sertv.gob.pa\/nacionalfm\/wp-json\/wp\/v2\/posts\/72851\/revisions"}],"predecessor-version":[{"id":72853,"href":"https:\/\/sertv.gob.pa\/nacionalfm\/wp-json\/wp\/v2\/posts\/72851\/revisions\/72853"}],"wp:featuredmedia":[{"embeddable":true,"href":"https:\/\/sertv.gob.pa\/nacionalfm\/wp-json\/wp\/v2\/media\/72852"}],"wp:attachment":[{"href":"https:\/\/sertv.gob.pa\/nacionalfm\/wp-json\/wp\/v2\/media?parent=72851"}],"wp:term":[{"taxonomy":"category","embeddable":true,"href":"https:\/\/sertv.gob.pa\/nacionalfm\/wp-json\/wp\/v2\/categories?post=72851"},{"taxonomy":"post_tag","embeddable":true,"href":"https:\/\/sertv.gob.pa\/nacionalfm\/wp-json\/wp\/v2\/tags?post=72851"}],"curies":[{"name":"wp","href":"https:\/\/api.w.org\/{rel}","templated":true}]}}