{"id":72857,"date":"2021-08-20T18:10:01","date_gmt":"2021-08-20T18:10:01","guid":{"rendered":"https:\/\/sertv.gob.pa\/nacionalfm\/?p=72857"},"modified":"2021-08-20T18:10:01","modified_gmt":"2021-08-20T18:10:01","slug":"el-ministro-de-exteriores-paquistani-viajara-este-sabado-a-kabul","status":"publish","type":"post","link":"https:\/\/sertv.gob.pa\/nacionalfm\/el-ministro-de-exteriores-paquistani-viajara-este-sabado-a-kabul\/","title":{"rendered":"El ministro de Exteriores paquistan\u00ed viajar\u00e1 este s\u00e1bado a Kabul"},"content":{"rendered":"<p><strong><em>MADRID, (EUROPA PRESS) \u2013<\/em><\/strong><\/p>\n<p><strong><em>\u00a0<\/em><\/strong><\/p>\n<p>El ministro de Exteriores de Pakist\u00e1n, Shah Mahmud Qureshi, viajar\u00e1 este s\u00e1bado a Kabul para protagonizar el primer encuentro entre un dignatario extranjero y las nuevas autoridades talib\u00e1n que est\u00e1n al frente del pa\u00eds desde el pasado domingo, informa la cadena pan\u00e1rabe Al Yazira.<\/p>\n<p>Durante los \u00faltimos d\u00edas, el ministro ha emprendido conversaciones con sus hom\u00f3logos de Estados Unidos y China sobre la postura que adoptar respecto al pa\u00eds vecino en el vuelco m\u00e1s grande que ha experimentado desde el principio de la guerra de 2001.<\/p>\n<p>De momento, el ministro se ha limitado a informar de que \u00abPakist\u00e1n sigue demostrando un papel constructivo en Afganist\u00e1n\u00bb, incluida la facilitaci\u00f3n de la paz liderada y asumida por los afganos entre muchos esfuerzos econ\u00f3micos y humanitarios\u00bb.<\/p>\n<p>\u00abNuestra misi\u00f3n diplom\u00e1tica en Kabul est\u00e1 trabajando incansablemente para emitir visados, evacuar a diplom\u00e1ticos, trabajadores de ONG, personal de los medios de comunicaci\u00f3n, etc\u00e9tera\u00bb, ha hecho saber en su cuenta de Twitter.<\/p>\n<p>&nbsp;<\/p>\n<p>Fuente: EUROPA PRESS<\/p>\n<p>&nbsp;<\/p>\n","protected":false},"excerpt":{"rendered":"<p>MADRID, (EUROPA PRESS) \u2013 \u00a0 El ministro de Exteriores de <a href=\"https:\/\/sertv.gob.pa\/nacionalfm\/el-ministro-de-exteriores-paquistani-viajara-este-sabado-a-kabul\/\"> [&#8230;]<\/a><\/p>\n","protected":false},"author":9,"featured_media":72858,"comment_status":"closed","ping_status":"closed","sticky":false,"template":"","format":"standard","meta":{"footnotes":""},"categories":[3],"tags":[],"class_list":["post-72857","post","type-post","status-publish","format-standard","has-post-thumbnail","hentry","category-internacionales"],"_links":{"self":[{"href":"https:\/\/sertv.gob.pa\/nacionalfm\/wp-json\/wp\/v2\/posts\/72857","targetHints":{"allow":["GET"]}}],"collection":[{"href":"https:\/\/sertv.gob.pa\/nacionalfm\/wp-json\/wp\/v2\/posts"}],"about":[{"href":"https:\/\/sertv.gob.pa\/nacionalfm\/wp-json\/wp\/v2\/types\/post"}],"author":[{"embeddable":true,"href":"https:\/\/sertv.gob.pa\/nacionalfm\/wp-json\/wp\/v2\/users\/9"}],"replies":[{"embeddable":true,"href":"https:\/\/sertv.gob.pa\/nacionalfm\/wp-json\/wp\/v2\/comments?post=72857"}],"version-history":[{"count":1,"href":"https:\/\/sertv.gob.pa\/nacionalfm\/wp-json\/wp\/v2\/posts\/72857\/revisions"}],"predecessor-version":[{"id":72859,"href":"https:\/\/sertv.gob.pa\/nacionalfm\/wp-json\/wp\/v2\/posts\/72857\/revisions\/72859"}],"wp:featuredmedia":[{"embeddable":true,"href":"https:\/\/sertv.gob.pa\/nacionalfm\/wp-json\/wp\/v2\/media\/72858"}],"wp:attachment":[{"href":"https:\/\/sertv.gob.pa\/nacionalfm\/wp-json\/wp\/v2\/media?parent=72857"}],"wp:term":[{"taxonomy":"category","embeddable":true,"href":"https:\/\/sertv.gob.pa\/nacionalfm\/wp-json\/wp\/v2\/categories?post=72857"},{"taxonomy":"post_tag","embeddable":true,"href":"https:\/\/sertv.gob.pa\/nacionalfm\/wp-json\/wp\/v2\/tags?post=72857"}],"curies":[{"name":"wp","href":"https:\/\/api.w.org\/{rel}","templated":true}]}}